{"id":7072,"date":"2021-06-07T08:19:27","date_gmt":"2021-06-07T08:19:27","guid":{"rendered":"https:\/\/www.strasbourginstitute.org\/?p=7072"},"modified":"2021-06-07T08:19:27","modified_gmt":"2021-06-07T08:19:27","slug":"matthieu-arnold-wurde-zum-korrespondenten-der-academie-des-inscriptions-et-belles-lettres-gewahlt","status":"publish","type":"post","link":"https:\/\/ecumenical-institute.org\/en\/2021\/06\/07\/matthieu-arnold-wurde-zum-korrespondenten-der-academie-des-inscriptions-et-belles-lettres-gewahlt\/","title":{"rendered":"Matthieu Arnold elected correspondent of the Acad\u00e9mie des Inscription et Belles-Lettres"},"content":{"rendered":"<p><img decoding=\"async\" src=\"https:\/\/www.strasbourginstitute.org\/media\/juni\/Mathieu-Arnold-29-aout-2015a.jpg\"\/><\/p>\n<p>Matthieu Arnold, Professor f\u00fcr neuere Geschichte an der Fakult\u00e4t f\u00fcr Evangelische Theologie der Universit\u00e4t Strasbourg, ist seit vielen Jahren enger Kooperationspartner des Instituts f\u00fcr \u00d6kumenische Forschung. Im M\u00e4rz 2021 hat er eine besondere Auszeichnung erhalten, \u00fcber die wir hier kurz berichten wollen. Wir gratulieren Matthieu Arnold zu der Auszeichnung und w\u00fcnschen ihm f\u00fcr seine zuk\u00fcnftige Forschungsarbeit weiterhin alles Gute und viel Erfolg! <\/p>\n<p>Im Namen den gesamten Stabs<br \/>\nJennifer Wasmuth<br \/>\nDirektorin des Instituts f\u00fcr \u00d6kumenische Forschung     <\/p>\n<p>Matthieu Arnold ist Ende M\u00e4rz 2021 zum Korrespondenten der Acad\u00e9mie des Inscriptions et Belles-Lettres gew\u00e4hlt worden. Dies ist eine besondere Auszeichnung f\u00fcr den Theologen, der sich besonders mit den Reformatoren besch\u00e4ftigt.<br \/>\nNach einem Abitur mit mathematischem Schwerpunkt studierte Matthieu Arnold evangelische Theologie in Strasbourg und an dem Institut f\u00fcr Europ\u00e4ische Geschichte Mainz; er promovierte 1994 und wurde zun\u00e4chst in Strasbourg und dann in Baerenthal (Lothringen) Pfarrer. \u201eMein Studium hat mir so gut gefallen, dass ich mich entschlossen habe, neben meiner T\u00e4tigkeit als Pfarrer meine Forschung f\u00fcr die Habilitation fortzusetzen.\u201c Im Jahr 1997 erhielt er eine Position als Professor f\u00fcr moderne und zeitgen\u00f6ssische christliche Geschichte an der Fakult\u00e4t f\u00fcr Evangelische Theologie in Strasbourg, wo er die Forschungsgruppe in neuerer Geschichte leitet.<\/p>\n<p><!--more--><\/p>\n<p><b>Ein franz\u00f6sischer Sammelband mit Texten der Strasbourger Reformation<\/b><br \/>\nSeine Arbeiten betreffen zwei Zeitabschnitte: Zun\u00e4chst den Beginn der Reformation durch das Studium der wichtigsten Reformatoren. Zusammen mit dem Theologen Marc Lienhard hat Matthieu Arnold die Publikation von Martin Luthers Werken in der \u201eBiblioth\u00e8que de la Pl\u00e9iade\u201c (1999 und 2017) geleitet. Es handelt sich dabei um mehr als 80 Texte. \u201eSeit 1995 arbeite ich auch an der Herausgabe der Korrespondenz in Originalsprache des Strasbourger Martin Bucer, der ebenfalls ein Reformator des 16. Jahrhunderts ist. Er ist ein Vorreiter der \u00d6kumene, dessen Schrift sehr schwer zu lesen ist.\u201c<\/p>\n<p>Z.Zt. arbeitet Matthieu Arnold an einem franz\u00f6sischen Sammelband mit Texten der Strasbourger Reformation, zu denen auch Schriften von Catherine Zell geh\u00f6ren, die bisher noch nicht auf Franz\u00f6sisch ver\u00f6ffentlicht worden sind. Manche seiner Quellen schlummern im Strasbourger Stadtarchiv. Ein weiterer Zeitabschnitt interessiert Matthieu Arnold besonders: Die erste H\u00e4lfte des 20. Jahrhunderts und das Studium evangelischer Denker wie Dietrich Bonhoeffer, Widerstandsk\u00e4mpfer w\u00e4hrend des Dritten Reiches, und Albert Schweitzer, dessen \u201eJahre im Elsass\u201c er untersucht hat.<\/p>\n<p>Seine Wahl zum franz\u00f6sischen Korrespondenten der Acad\u00e9mie des inscriptions et belles-lettres ist f\u00fcr ihn eine Anerkennung sowohl seiner Arbeit wie auch seiner Forschungsgruppe an der Fakult\u00e4t f\u00fcr Evangelische Theologie.<\/p>\n<p>\u201eDies beweist, dass die Evangelisch-theologische Fakult\u00e4t ihren Platz in der akademischen Welt hat; diese Wahl ist sowohl eine pers\u00f6nliche Freude wie auch eine breitere Anerkennung,\u201c sagt der Forscher, der sich schon darauf freut, regelm\u00e4\u00dfig an den Sitzungen der Acad\u00e9mie teilnehmen zu k\u00f6nnen und so mit den Wissenschaftlern aus vielen spannenden Bereichen im Kontakt zu sein. \u201eIch hoffe, dass dies zu neuen Kooperationen f\u00fchren kann.\u201c<\/p>\n<p><b>L\u2019Acad\u00e9mie des inscriptions et belles-lettres<\/b><br \/>\nDie Acad\u00e9mie des Inscriptions et Belles-Lettres wurde 1663 von Colbert gegr\u00fcndet und ist eine der f\u00fcnf Akademien des Institut de France. Ihr Ziel ist die Entwicklung und F\u00f6rderung von Forschung durch die Preise, die sie in verschiedenen Bereichen der Geschichte, Arch\u00e4ologie, Kunstgeschichte, Philologie et Linguistik, Literatur, Geistesgeschichte und verwandten Disziplinen (Epigraphik, Numismatik, Diplomatie usw.) verleiht. Sie gibt hochrangige Werke heraus. Sie besteht aus zwei Kategorien von Mitgliedern, die auf Lebenszeit gew\u00e4hlt werden: den Korrespondenten und den Akademikern \u2013 \u201eLetztere tragen den gr\u00fcnen Habit\u201c, sagt der Forscher. Alle vier bis f\u00fcnf Jahre, je nach Vakanzen, wird das Kontingent von 50 franz\u00f6sischen Korrespondenten durch die Wahl von acht neuen Mitgliedern erneuert. \u201eMan fragt nie selbst an, man wird von einem oder mehreren Akademikern vorgeschlagen. Die Korrespondenten nehmen nicht an der Wahl teil; sie stellen sozusagen das Vorzimmer der Akademie dar,\u201c erkl\u00e4rt Matthieu Arnold und f\u00fcgt hinzu, dass die Akademie die \u00e4lteste noch bestehende wissenschaftliche Zeitschrift herausgibt, das Journal des savants, gegr\u00fcndet im Jahr 1665.<\/p>","protected":false},"excerpt":{"rendered":"<p>Matthieu Arnold, Professor f\u00fcr neuere Geschichte an der Fakult\u00e4t f\u00fcr Evangelische Theologie der Universit\u00e4t Strasbourg, ist seit vielen Jahren enger Kooperationspartner des Instituts f\u00fcr \u00d6kumenische Forschung. Im M\u00e4rz 2021 hat er eine besondere Auszeichnung erhalten, \u00fcber die wir hier kurz berichten wollen. Wir gratulieren Matthieu Arnold zu der Auszeichnung und w\u00fcnschen ihm f\u00fcr seine zuk\u00fcnftige [&hellip;]<\/p>\n","protected":false},"author":5,"featured_media":0,"comment_status":"closed","ping_status":"closed","sticky":false,"template":"","format":"standard","meta":{"_uag_custom_page_level_css":"","site-sidebar-layout":"default","site-content-layout":"","ast-site-content-layout":"default","site-content-style":"default","site-sidebar-style":"default","ast-global-header-display":"","ast-banner-title-visibility":"","ast-main-header-display":"","ast-hfb-above-header-display":"","ast-hfb-below-header-display":"","ast-hfb-mobile-header-display":"","site-post-title":"","ast-breadcrumbs-content":"","ast-featured-img":"","footer-sml-layout":"","ast-disable-related-posts":"","theme-transparent-header-meta":"","adv-header-id-meta":"","stick-header-meta":"","header-above-stick-meta":"","header-main-stick-meta":"","header-below-stick-meta":"","astra-migrate-meta-layouts":"default","ast-page-background-enabled":"default","ast-page-background-meta":{"desktop":{"background-color":"","background-image":"","background-repeat":"repeat","background-position":"center center","background-size":"auto","background-attachment":"scroll","background-type":"","background-media":"","overlay-type":"","overlay-color":"","overlay-opacity":"","overlay-gradient":""},"tablet":{"background-color":"","background-image":"","background-repeat":"repeat","background-position":"center center","background-size":"auto","background-attachment":"scroll","background-type":"","background-media":"","overlay-type":"","overlay-color":"","overlay-opacity":"","overlay-gradient":""},"mobile":{"background-color":"","background-image":"","background-repeat":"repeat","background-position":"center center","background-size":"auto","background-attachment":"scroll","background-type":"","background-media":"","overlay-type":"","overlay-color":"","overlay-opacity":"","overlay-gradient":""}},"ast-content-background-meta":{"desktop":{"background-color":"var(--ast-global-color-5)","background-image":"","background-repeat":"repeat","background-position":"center center","background-size":"auto","background-attachment":"scroll","background-type":"","background-media":"","overlay-type":"","overlay-color":"","overlay-opacity":"","overlay-gradient":""},"tablet":{"background-color":"var(--ast-global-color-5)","background-image":"","background-repeat":"repeat","background-position":"center center","background-size":"auto","background-attachment":"scroll","background-type":"","background-media":"","overlay-type":"","overlay-color":"","overlay-opacity":"","overlay-gradient":""},"mobile":{"background-color":"var(--ast-global-color-5)","background-image":"","background-repeat":"repeat","background-position":"center center","background-size":"auto","background-attachment":"scroll","background-type":"","background-media":"","overlay-type":"","overlay-color":"","overlay-opacity":"","overlay-gradient":""}},"footnotes":""},"categories":[1],"tags":[],"class_list":["post-7072","post","type-post","status-publish","format-standard","hentry","category-allgemein"],"yoast_head":"<!-- This site is optimized with the Yoast SEO plugin v26.8 - https:\/\/yoast.com\/product\/yoast-seo-wordpress\/ -->\n<title>Matthieu Arnold wurde zum Korrespondenten der Acad\u00e9mie des Inscriptions et Belles-Lettres gew\u00e4hlt - Institut f\u00fcr \u00d6kumenische<\/title>\n<meta name=\"robots\" content=\"index, follow, max-snippet:-1, max-image-preview:large, max-video-preview:-1\" \/>\n<link rel=\"canonical\" href=\"https:\/\/ecumenical-institute.org\/en\/2021\/06\/07\/matthieu-arnold-wurde-zum-korrespondenten-der-academie-des-inscriptions-et-belles-lettres-gewahlt\/\" \/>\n<meta property=\"og:locale\" content=\"en_GB\" \/>\n<meta property=\"og:type\" content=\"article\" \/>\n<meta property=\"og:title\" content=\"Matthieu Arnold wurde zum Korrespondenten der Acad\u00e9mie des Inscriptions et Belles-Lettres gew\u00e4hlt - Institut f\u00fcr \u00d6kumenische\" \/>\n<meta property=\"og:description\" content=\"Matthieu Arnold, Professor f\u00fcr neuere Geschichte an der Fakult\u00e4t f\u00fcr Evangelische Theologie der Universit\u00e4t Strasbourg, ist seit vielen Jahren enger Kooperationspartner des Instituts f\u00fcr \u00d6kumenische Forschung. Im M\u00e4rz 2021 hat er eine besondere Auszeichnung erhalten, \u00fcber die wir hier kurz berichten wollen. Wir gratulieren Matthieu Arnold zu der Auszeichnung und w\u00fcnschen ihm f\u00fcr seine zuk\u00fcnftige [&hellip;]\" \/>\n<meta property=\"og:url\" content=\"https:\/\/ecumenical-institute.org\/en\/2021\/06\/07\/matthieu-arnold-wurde-zum-korrespondenten-der-academie-des-inscriptions-et-belles-lettres-gewahlt\/\" \/>\n<meta property=\"og:site_name\" content=\"Institut f\u00fcr \u00d6kumenische\" \/>\n<meta property=\"article:published_time\" content=\"2021-06-07T08:19:27+00:00\" \/>\n<meta property=\"og:image\" content=\"https:\/\/www.strasbourginstitute.org\/media\/juni\/Mathieu-Arnold-29-aout-2015a.jpg\" \/>\n<meta name=\"author\" content=\"wp_admin\" \/>\n<meta name=\"twitter:card\" content=\"summary_large_image\" \/>\n<meta name=\"twitter:label1\" content=\"Written by\" \/>\n\t<meta name=\"twitter:data1\" content=\"wp_admin\" \/>\n\t<meta name=\"twitter:label2\" content=\"Estimated reading time\" \/>\n\t<meta name=\"twitter:data2\" content=\"3 minutes\" \/>\n<script type=\"application\/ld+json\" class=\"yoast-schema-graph\">{\"@context\":\"https:\/\/schema.org\",\"@graph\":[{\"@type\":\"Article\",\"@id\":\"https:\/\/ecumenical-institute.org\/2021\/06\/07\/matthieu-arnold-wurde-zum-korrespondenten-der-academie-des-inscriptions-et-belles-lettres-gewahlt\/#article\",\"isPartOf\":{\"@id\":\"https:\/\/ecumenical-institute.org\/2021\/06\/07\/matthieu-arnold-wurde-zum-korrespondenten-der-academie-des-inscriptions-et-belles-lettres-gewahlt\/\"},\"author\":{\"name\":\"wp_admin\",\"@id\":\"https:\/\/ecumenical-institute.org\/#\/schema\/person\/0be87fe95f9e00b540acc2049bc63bb0\"},\"headline\":\"Matthieu Arnold wurde zum Korrespondenten der Acad\u00e9mie des Inscriptions et Belles-Lettres gew\u00e4hlt\",\"datePublished\":\"2021-06-07T08:19:27+00:00\",\"mainEntityOfPage\":{\"@id\":\"https:\/\/ecumenical-institute.org\/2021\/06\/07\/matthieu-arnold-wurde-zum-korrespondenten-der-academie-des-inscriptions-et-belles-lettres-gewahlt\/\"},\"wordCount\":684,\"publisher\":{\"@id\":\"https:\/\/ecumenical-institute.org\/#organization\"},\"image\":{\"@id\":\"https:\/\/ecumenical-institute.org\/2021\/06\/07\/matthieu-arnold-wurde-zum-korrespondenten-der-academie-des-inscriptions-et-belles-lettres-gewahlt\/#primaryimage\"},\"thumbnailUrl\":\"https:\/\/www.strasbourginstitute.org\/media\/juni\/Mathieu-Arnold-29-aout-2015a.jpg\",\"articleSection\":[\"Allgemein\"],\"inLanguage\":\"en-GB\"},{\"@type\":\"WebPage\",\"@id\":\"https:\/\/ecumenical-institute.org\/2021\/06\/07\/matthieu-arnold-wurde-zum-korrespondenten-der-academie-des-inscriptions-et-belles-lettres-gewahlt\/\",\"url\":\"https:\/\/ecumenical-institute.org\/2021\/06\/07\/matthieu-arnold-wurde-zum-korrespondenten-der-academie-des-inscriptions-et-belles-lettres-gewahlt\/\",\"name\":\"Matthieu Arnold wurde zum Korrespondenten der Acad\u00e9mie des Inscriptions et Belles-Lettres gew\u00e4hlt - Institut f\u00fcr \u00d6kumenische\",\"isPartOf\":{\"@id\":\"https:\/\/ecumenical-institute.org\/#website\"},\"primaryImageOfPage\":{\"@id\":\"https:\/\/ecumenical-institute.org\/2021\/06\/07\/matthieu-arnold-wurde-zum-korrespondenten-der-academie-des-inscriptions-et-belles-lettres-gewahlt\/#primaryimage\"},\"image\":{\"@id\":\"https:\/\/ecumenical-institute.org\/2021\/06\/07\/matthieu-arnold-wurde-zum-korrespondenten-der-academie-des-inscriptions-et-belles-lettres-gewahlt\/#primaryimage\"},\"thumbnailUrl\":\"https:\/\/www.strasbourginstitute.org\/media\/juni\/Mathieu-Arnold-29-aout-2015a.jpg\",\"datePublished\":\"2021-06-07T08:19:27+00:00\",\"breadcrumb\":{\"@id\":\"https:\/\/ecumenical-institute.org\/2021\/06\/07\/matthieu-arnold-wurde-zum-korrespondenten-der-academie-des-inscriptions-et-belles-lettres-gewahlt\/#breadcrumb\"},\"inLanguage\":\"en-GB\",\"potentialAction\":[{\"@type\":\"ReadAction\",\"target\":[\"https:\/\/ecumenical-institute.org\/2021\/06\/07\/matthieu-arnold-wurde-zum-korrespondenten-der-academie-des-inscriptions-et-belles-lettres-gewahlt\/\"]}]},{\"@type\":\"ImageObject\",\"inLanguage\":\"en-GB\",\"@id\":\"https:\/\/ecumenical-institute.org\/2021\/06\/07\/matthieu-arnold-wurde-zum-korrespondenten-der-academie-des-inscriptions-et-belles-lettres-gewahlt\/#primaryimage\",\"url\":\"https:\/\/www.strasbourginstitute.org\/media\/juni\/Mathieu-Arnold-29-aout-2015a.jpg\",\"contentUrl\":\"https:\/\/www.strasbourginstitute.org\/media\/juni\/Mathieu-Arnold-29-aout-2015a.jpg\"},{\"@type\":\"BreadcrumbList\",\"@id\":\"https:\/\/ecumenical-institute.org\/2021\/06\/07\/matthieu-arnold-wurde-zum-korrespondenten-der-academie-des-inscriptions-et-belles-lettres-gewahlt\/#breadcrumb\",\"itemListElement\":[{\"@type\":\"ListItem\",\"position\":1,\"name\":\"Home\",\"item\":\"https:\/\/ecumenical-institute.org\/\"},{\"@type\":\"ListItem\",\"position\":2,\"name\":\"Matthieu Arnold wurde zum Korrespondenten der Acad\u00e9mie des Inscriptions et Belles-Lettres gew\u00e4hlt\"}]},{\"@type\":\"WebSite\",\"@id\":\"https:\/\/ecumenical-institute.org\/#website\",\"url\":\"https:\/\/ecumenical-institute.org\/\",\"name\":\"Institut f\u00fcr \u00d6kumenische\",\"description\":\" Forschung in Strasbourg\",\"publisher\":{\"@id\":\"https:\/\/ecumenical-institute.org\/#organization\"},\"potentialAction\":[{\"@type\":\"SearchAction\",\"target\":{\"@type\":\"EntryPoint\",\"urlTemplate\":\"https:\/\/ecumenical-institute.org\/?s={search_term_string}\"},\"query-input\":{\"@type\":\"PropertyValueSpecification\",\"valueRequired\":true,\"valueName\":\"search_term_string\"}}],\"inLanguage\":\"en-GB\"},{\"@type\":\"Organization\",\"@id\":\"https:\/\/ecumenical-institute.org\/#organization\",\"name\":\"Institut f\u00fcr \u00d6kumenische Forschung in Strasbourg\",\"url\":\"https:\/\/ecumenical-institute.org\/\",\"logo\":{\"@type\":\"ImageObject\",\"inLanguage\":\"en-GB\",\"@id\":\"https:\/\/ecumenical-institute.org\/#\/schema\/logo\/image\/\",\"url\":\"https:\/\/ecumenical-institute.org\/wp-content\/uploads\/2021\/08\/Logo_grau.png\",\"contentUrl\":\"https:\/\/ecumenical-institute.org\/wp-content\/uploads\/2021\/08\/Logo_grau.png\",\"width\":300,\"height\":448,\"caption\":\"Institut f\u00fcr \u00d6kumenische Forschung in Strasbourg\"},\"image\":{\"@id\":\"https:\/\/ecumenical-institute.org\/#\/schema\/logo\/image\/\"}},{\"@type\":\"Person\",\"@id\":\"https:\/\/ecumenical-institute.org\/#\/schema\/person\/0be87fe95f9e00b540acc2049bc63bb0\",\"name\":\"wp_admin\",\"image\":{\"@type\":\"ImageObject\",\"inLanguage\":\"en-GB\",\"@id\":\"https:\/\/ecumenical-institute.org\/#\/schema\/person\/image\/\",\"url\":\"https:\/\/secure.gravatar.com\/avatar\/cb9be2951cad5fb0a61e00c7d4079b45?s=96&d=mm&r=g\",\"contentUrl\":\"https:\/\/secure.gravatar.com\/avatar\/cb9be2951cad5fb0a61e00c7d4079b45?s=96&d=mm&r=g\",\"caption\":\"wp_admin\"},\"url\":\"https:\/\/ecumenical-institute.org\/en\/author\/wp_admin\/\"}]}<\/script>\n<!-- \/ Yoast SEO plugin. -->","yoast_head_json":{"title":"Matthieu Arnold wurde zum Korrespondenten der Acad\u00e9mie des Inscriptions et Belles-Lettres gew\u00e4hlt - Institut f\u00fcr \u00d6kumenische","robots":{"index":"index","follow":"follow","max-snippet":"max-snippet:-1","max-image-preview":"max-image-preview:large","max-video-preview":"max-video-preview:-1"},"canonical":"https:\/\/ecumenical-institute.org\/en\/2021\/06\/07\/matthieu-arnold-wurde-zum-korrespondenten-der-academie-des-inscriptions-et-belles-lettres-gewahlt\/","og_locale":"en_GB","og_type":"article","og_title":"Matthieu Arnold wurde zum Korrespondenten der Acad\u00e9mie des Inscriptions et Belles-Lettres gew\u00e4hlt - Institut f\u00fcr \u00d6kumenische","og_description":"Matthieu Arnold, Professor f\u00fcr neuere Geschichte an der Fakult\u00e4t f\u00fcr Evangelische Theologie der Universit\u00e4t Strasbourg, ist seit vielen Jahren enger Kooperationspartner des Instituts f\u00fcr \u00d6kumenische Forschung. Im M\u00e4rz 2021 hat er eine besondere Auszeichnung erhalten, \u00fcber die wir hier kurz berichten wollen. Wir gratulieren Matthieu Arnold zu der Auszeichnung und w\u00fcnschen ihm f\u00fcr seine zuk\u00fcnftige [&hellip;]","og_url":"https:\/\/ecumenical-institute.org\/en\/2021\/06\/07\/matthieu-arnold-wurde-zum-korrespondenten-der-academie-des-inscriptions-et-belles-lettres-gewahlt\/","og_site_name":"Institut f\u00fcr \u00d6kumenische","article_published_time":"2021-06-07T08:19:27+00:00","og_image":[{"url":"https:\/\/www.strasbourginstitute.org\/media\/juni\/Mathieu-Arnold-29-aout-2015a.jpg","type":"","width":"","height":""}],"author":"wp_admin","twitter_card":"summary_large_image","twitter_misc":{"Written by":"wp_admin","Estimated reading time":"3 minutes"},"schema":{"@context":"https:\/\/schema.org","@graph":[{"@type":"Article","@id":"https:\/\/ecumenical-institute.org\/2021\/06\/07\/matthieu-arnold-wurde-zum-korrespondenten-der-academie-des-inscriptions-et-belles-lettres-gewahlt\/#article","isPartOf":{"@id":"https:\/\/ecumenical-institute.org\/2021\/06\/07\/matthieu-arnold-wurde-zum-korrespondenten-der-academie-des-inscriptions-et-belles-lettres-gewahlt\/"},"author":{"name":"wp_admin","@id":"https:\/\/ecumenical-institute.org\/#\/schema\/person\/0be87fe95f9e00b540acc2049bc63bb0"},"headline":"Matthieu Arnold wurde zum Korrespondenten der Acad\u00e9mie des Inscriptions et Belles-Lettres gew\u00e4hlt","datePublished":"2021-06-07T08:19:27+00:00","mainEntityOfPage":{"@id":"https:\/\/ecumenical-institute.org\/2021\/06\/07\/matthieu-arnold-wurde-zum-korrespondenten-der-academie-des-inscriptions-et-belles-lettres-gewahlt\/"},"wordCount":684,"publisher":{"@id":"https:\/\/ecumenical-institute.org\/#organization"},"image":{"@id":"https:\/\/ecumenical-institute.org\/2021\/06\/07\/matthieu-arnold-wurde-zum-korrespondenten-der-academie-des-inscriptions-et-belles-lettres-gewahlt\/#primaryimage"},"thumbnailUrl":"https:\/\/www.strasbourginstitute.org\/media\/juni\/Mathieu-Arnold-29-aout-2015a.jpg","articleSection":["Allgemein"],"inLanguage":"en-GB"},{"@type":"WebPage","@id":"https:\/\/ecumenical-institute.org\/2021\/06\/07\/matthieu-arnold-wurde-zum-korrespondenten-der-academie-des-inscriptions-et-belles-lettres-gewahlt\/","url":"https:\/\/ecumenical-institute.org\/2021\/06\/07\/matthieu-arnold-wurde-zum-korrespondenten-der-academie-des-inscriptions-et-belles-lettres-gewahlt\/","name":"Matthieu Arnold wurde zum Korrespondenten der Acad\u00e9mie des Inscriptions et Belles-Lettres gew\u00e4hlt - Institut f\u00fcr \u00d6kumenische","isPartOf":{"@id":"https:\/\/ecumenical-institute.org\/#website"},"primaryImageOfPage":{"@id":"https:\/\/ecumenical-institute.org\/2021\/06\/07\/matthieu-arnold-wurde-zum-korrespondenten-der-academie-des-inscriptions-et-belles-lettres-gewahlt\/#primaryimage"},"image":{"@id":"https:\/\/ecumenical-institute.org\/2021\/06\/07\/matthieu-arnold-wurde-zum-korrespondenten-der-academie-des-inscriptions-et-belles-lettres-gewahlt\/#primaryimage"},"thumbnailUrl":"https:\/\/www.strasbourginstitute.org\/media\/juni\/Mathieu-Arnold-29-aout-2015a.jpg","datePublished":"2021-06-07T08:19:27+00:00","breadcrumb":{"@id":"https:\/\/ecumenical-institute.org\/2021\/06\/07\/matthieu-arnold-wurde-zum-korrespondenten-der-academie-des-inscriptions-et-belles-lettres-gewahlt\/#breadcrumb"},"inLanguage":"en-GB","potentialAction":[{"@type":"ReadAction","target":["https:\/\/ecumenical-institute.org\/2021\/06\/07\/matthieu-arnold-wurde-zum-korrespondenten-der-academie-des-inscriptions-et-belles-lettres-gewahlt\/"]}]},{"@type":"ImageObject","inLanguage":"en-GB","@id":"https:\/\/ecumenical-institute.org\/2021\/06\/07\/matthieu-arnold-wurde-zum-korrespondenten-der-academie-des-inscriptions-et-belles-lettres-gewahlt\/#primaryimage","url":"https:\/\/www.strasbourginstitute.org\/media\/juni\/Mathieu-Arnold-29-aout-2015a.jpg","contentUrl":"https:\/\/www.strasbourginstitute.org\/media\/juni\/Mathieu-Arnold-29-aout-2015a.jpg"},{"@type":"BreadcrumbList","@id":"https:\/\/ecumenical-institute.org\/2021\/06\/07\/matthieu-arnold-wurde-zum-korrespondenten-der-academie-des-inscriptions-et-belles-lettres-gewahlt\/#breadcrumb","itemListElement":[{"@type":"ListItem","position":1,"name":"Home","item":"https:\/\/ecumenical-institute.org\/"},{"@type":"ListItem","position":2,"name":"Matthieu Arnold wurde zum Korrespondenten der Acad\u00e9mie des Inscriptions et Belles-Lettres gew\u00e4hlt"}]},{"@type":"WebSite","@id":"https:\/\/ecumenical-institute.org\/#website","url":"https:\/\/ecumenical-institute.org\/","name":"Institute for Ecumenical","description":"Research in Strasbourg","publisher":{"@id":"https:\/\/ecumenical-institute.org\/#organization"},"potentialAction":[{"@type":"SearchAction","target":{"@type":"EntryPoint","urlTemplate":"https:\/\/ecumenical-institute.org\/?s={search_term_string}"},"query-input":{"@type":"PropertyValueSpecification","valueRequired":true,"valueName":"search_term_string"}}],"inLanguage":"en-GB"},{"@type":"Organization","@id":"https:\/\/ecumenical-institute.org\/#organization","name":"Institute for Ecumenical Research","url":"https:\/\/ecumenical-institute.org\/","logo":{"@type":"ImageObject","inLanguage":"en-GB","@id":"https:\/\/ecumenical-institute.org\/#\/schema\/logo\/image\/","url":"https:\/\/ecumenical-institute.org\/wp-content\/uploads\/2021\/08\/Logo_grau.png","contentUrl":"https:\/\/ecumenical-institute.org\/wp-content\/uploads\/2021\/08\/Logo_grau.png","width":300,"height":448,"caption":"Institut f\u00fcr \u00d6kumenische Forschung in Strasbourg"},"image":{"@id":"https:\/\/ecumenical-institute.org\/#\/schema\/logo\/image\/"}},{"@type":"Person","@id":"https:\/\/ecumenical-institute.org\/#\/schema\/person\/0be87fe95f9e00b540acc2049bc63bb0","name":"wp_admin","image":{"@type":"ImageObject","inLanguage":"en-GB","@id":"https:\/\/ecumenical-institute.org\/#\/schema\/person\/image\/","url":"https:\/\/secure.gravatar.com\/avatar\/cb9be2951cad5fb0a61e00c7d4079b45?s=96&d=mm&r=g","contentUrl":"https:\/\/secure.gravatar.com\/avatar\/cb9be2951cad5fb0a61e00c7d4079b45?s=96&d=mm&r=g","caption":"wp_admin"},"url":"https:\/\/ecumenical-institute.org\/en\/author\/wp_admin\/"}]}},"uagb_featured_image_src":{"full":false,"thumbnail":false,"medium":false,"medium_large":false,"large":false,"1536x1536":false,"2048x2048":false,"trp-custom-language-flag":false},"uagb_author_info":{"display_name":"wp_admin","author_link":"https:\/\/ecumenical-institute.org\/en\/author\/wp_admin\/"},"uagb_comment_info":0,"uagb_excerpt":"Matthieu Arnold, Professor f\u00fcr neuere Geschichte an der Fakult\u00e4t f\u00fcr Evangelische Theologie der Universit\u00e4t Strasbourg, ist seit vielen Jahren enger Kooperationspartner des Instituts f\u00fcr \u00d6kumenische Forschung. Im M\u00e4rz 2021 hat er eine besondere Auszeichnung erhalten, \u00fcber die wir hier kurz berichten wollen. Wir gratulieren Matthieu Arnold zu der Auszeichnung und w\u00fcnschen ihm f\u00fcr seine zuk\u00fcnftige&hellip;","_links":{"self":[{"href":"https:\/\/ecumenical-institute.org\/en\/wp-json\/wp\/v2\/posts\/7072","targetHints":{"allow":["GET"]}}],"collection":[{"href":"https:\/\/ecumenical-institute.org\/en\/wp-json\/wp\/v2\/posts"}],"about":[{"href":"https:\/\/ecumenical-institute.org\/en\/wp-json\/wp\/v2\/types\/post"}],"author":[{"embeddable":true,"href":"https:\/\/ecumenical-institute.org\/en\/wp-json\/wp\/v2\/users\/5"}],"replies":[{"embeddable":true,"href":"https:\/\/ecumenical-institute.org\/en\/wp-json\/wp\/v2\/comments?post=7072"}],"version-history":[{"count":0,"href":"https:\/\/ecumenical-institute.org\/en\/wp-json\/wp\/v2\/posts\/7072\/revisions"}],"wp:attachment":[{"href":"https:\/\/ecumenical-institute.org\/en\/wp-json\/wp\/v2\/media?parent=7072"}],"wp:term":[{"taxonomy":"category","embeddable":true,"href":"https:\/\/ecumenical-institute.org\/en\/wp-json\/wp\/v2\/categories?post=7072"},{"taxonomy":"post_tag","embeddable":true,"href":"https:\/\/ecumenical-institute.org\/en\/wp-json\/wp\/v2\/tags?post=7072"}],"curies":[{"name":"wp","href":"https:\/\/api.w.org\/{rel}","templated":true}]}}