{"id":8089,"date":"2024-04-25T10:18:20","date_gmt":"2024-04-25T08:18:20","guid":{"rendered":"https:\/\/ecumenical-institute.org\/?p=8089"},"modified":"2024-04-25T10:47:13","modified_gmt":"2024-04-25T08:47:13","slug":"oekumenische-herausforderungen-der-lutherforschung-festgabe-fuer-prof-theodor-dieter-erschienen","status":"publish","type":"post","link":"https:\/\/ecumenical-institute.org\/en\/2024\/04\/25\/oekumenische-herausforderungen-der-lutherforschung-festgabe-fuer-prof-theodor-dieter-erschienen\/","title":{"rendered":"\"Ecumenical challenges of Luther research\" \u2013 \u201cFestgabe\u201d for Prof Theodor Dieter published"},"content":{"rendered":"<figure class=\"wp-block-image aligncenter size-full\"><img loading=\"lazy\" decoding=\"async\" width=\"667\" height=\"1000\" src=\"https:\/\/ecumenical-institute.org\/wp-content\/uploads\/2024\/04\/eva_cover_07592_Wasmuth_Zeeb_Oekumenische_Herausforderungen_der_Lutherforschung.jpg\" alt=\"\" class=\"wp-image-8090\" srcset=\"https:\/\/ecumenical-institute.org\/wp-content\/uploads\/2024\/04\/eva_cover_07592_Wasmuth_Zeeb_Oekumenische_Herausforderungen_der_Lutherforschung.jpg 667w, https:\/\/ecumenical-institute.org\/wp-content\/uploads\/2024\/04\/eva_cover_07592_Wasmuth_Zeeb_Oekumenische_Herausforderungen_der_Lutherforschung-200x300.jpg 200w, https:\/\/ecumenical-institute.org\/wp-content\/uploads\/2024\/04\/eva_cover_07592_Wasmuth_Zeeb_Oekumenische_Herausforderungen_der_Lutherforschung-8x12.jpg 8w\" sizes=\"auto, (max-width: 667px) 100vw, 667px\" \/><\/figure>\n\n\n\n<p>In 2021, Prof. Theodor Dieter, long-standing research professor and director of the Institute and architect of most Lutheran ecumenical dialogues, celebrated his 70th birthday. To mark the occasion, a symposium in his honour was held at the Institute under the title \"Ecumenical Challenges of Luther Research\". Renowned researchers from various countries were guests in Strasbourg from 22-25 March 2022 or took part in the conference online. The papers presented, some of which slightly revised for printing, and the greeting addresses offered at the anniversary ceremony have now been published as a commemorative publication:<\/p>\n\n\n\n<p><strong>\"\u00d6kumenische Herausforderungen der Lutherforschung\", edited by Jennifer Wasmuth \/ Frank Zeeb on behalf of the Institute for Ecumenical Research, Leipzig: Evangelische Verlagsanstalt 2024 (ISBN 978-3374075928, 252 pages, 68 \u20ac)<\/strong><\/p>\n\n\n\n<figure class=\"wp-block-image size-full\"><img loading=\"lazy\" decoding=\"async\" width=\"1000\" height=\"667\" src=\"https:\/\/ecumenical-institute.org\/wp-content\/uploads\/2024\/04\/Theodor_Dieter-a.jpg\" alt=\"\" class=\"wp-image-8091\" srcset=\"https:\/\/ecumenical-institute.org\/wp-content\/uploads\/2024\/04\/Theodor_Dieter-a.jpg 1000w, https:\/\/ecumenical-institute.org\/wp-content\/uploads\/2024\/04\/Theodor_Dieter-a-300x200.jpg 300w, https:\/\/ecumenical-institute.org\/wp-content\/uploads\/2024\/04\/Theodor_Dieter-a-768x512.jpg 768w, https:\/\/ecumenical-institute.org\/wp-content\/uploads\/2024\/04\/Theodor_Dieter-a-18x12.jpg 18w\" sizes=\"auto, (max-width: 1000px) 100vw, 1000px\" \/><\/figure>\n\n\n\n<p><\/p>\n\n\n\n<p>From the preface:<\/p>\n\n\n\n<p>\"Theodor Dieter served for several decades as a research professor and director at the Institute for Ecumenical Research in Strasbourg and had a significant influence on the work of the institute during this time. In the knowledge that his 70th birthday was approaching, the Institute had various ideas about how his life and work could be appropriately honoured. With regard to the choice of topic, it quickly became clear that it had to be a combination of what still distinguishes him today as a researcher and what is decisive for his commitment to the church: pioneering contributions in the field of Luther research on the one hand, and intensive participation in various ecumenical dialogues on the other. The overarching theme emerged naturally from these two focal points and led to the title: \u2018Ecumenical Challenges of Luther Research\u2019.<\/p>\n\n\n\n<p>The best way to explore this topic was to organise an event that not only aimed to present the latest academic findings, but also allowed for lively discussion and debate - just as Theodor Dieter, as a meticulous source researcher, was always keen to engage in a lively exchange with other researchers. A symposium was therefore chosen as the form of the event, the contributions to which have now been published in this anthology, some of which have been slightly revised.<\/p>\n\n\n\n<p>The symposium was originally planned for the anniversary year 2021 and was to take place at Ch\u00e2teau Klingenthal, which had already proven itself many times as a conference venue. However, due to the coronavirus pandemic, it had to be postponed and finally took place from 22-25 March 2022 - no longer at Ch\u00e2teau Klingenthal, but as a hybrid event on the premises of the Institute for Ecumenical Research in Strasbourg. However, this did not detract from the symposium as a whole; the highly stimulating presentations held here were always followed by a lively discussion.  \u2026<\/p>\n\n\n\n<p>With this commemorative publication, we would like to thank Theodor Dieter, from whom we ourselves have also received many important impulses both with regard to more recent developments in Luther research and a deeper understanding of ecumenism, and wish him God's blessing for his further life.\"<\/p>\n\n\n\n<p class=\"translation-block\">Link to the table of contents: <a href=\"https:\/\/ecumenical-institute.org\/wp-content\/uploads\/2024\/04\/Inhaltsverzeichnis.pdf\" target=\"_self\">here<\/a><\/p>","protected":false},"excerpt":{"rendered":"<p>Im Jahr 2021 feierte Prof. Theodor Dieter, langj\u00e4hriger Forschungsprofessor und Direktor des Instituts und Architekt der meisten lutherischen \u00f6kumenischen Dialoge, seinen 70. Geburtstag. Zu diesem Anlass wurde im Institut ein Symposium zu seinen Ehren unter dem Titel \u201e\u00d6kumenische Herausforderungen der Lutherforschung\u201c veranstaltet. Renommierte Forscherinnen und Forscher aus verschiedenen L\u00e4ndern waren von 22.-25. M\u00e4rz 2022 in [&hellip;]<\/p>\n","protected":false},"author":4,"featured_media":0,"comment_status":"closed","ping_status":"open","sticky":false,"template":"","format":"standard","meta":{"_uag_custom_page_level_css":"","site-sidebar-layout":"default","site-content-layout":"","ast-site-content-layout":"default","site-content-style":"default","site-sidebar-style":"default","ast-global-header-display":"","ast-banner-title-visibility":"","ast-main-header-display":"","ast-hfb-above-header-display":"","ast-hfb-below-header-display":"","ast-hfb-mobile-header-display":"","site-post-title":"","ast-breadcrumbs-content":"","ast-featured-img":"","footer-sml-layout":"","ast-disable-related-posts":"","theme-transparent-header-meta":"","adv-header-id-meta":"","stick-header-meta":"","header-above-stick-meta":"","header-main-stick-meta":"","header-below-stick-meta":"","astra-migrate-meta-layouts":"set","ast-page-background-enabled":"default","ast-page-background-meta":{"desktop":{"background-color":"","background-image":"","background-repeat":"repeat","background-position":"center center","background-size":"auto","background-attachment":"scroll","background-type":"","background-media":"","overlay-type":"","overlay-color":"","overlay-opacity":"","overlay-gradient":""},"tablet":{"background-color":"","background-image":"","background-repeat":"repeat","background-position":"center center","background-size":"auto","background-attachment":"scroll","background-type":"","background-media":"","overlay-type":"","overlay-color":"","overlay-opacity":"","overlay-gradient":""},"mobile":{"background-color":"","background-image":"","background-repeat":"repeat","background-position":"center center","background-size":"auto","background-attachment":"scroll","background-type":"","background-media":"","overlay-type":"","overlay-color":"","overlay-opacity":"","overlay-gradient":""}},"ast-content-background-meta":{"desktop":{"background-color":"var(--ast-global-color-5)","background-image":"","background-repeat":"repeat","background-position":"center center","background-size":"auto","background-attachment":"scroll","background-type":"","background-media":"","overlay-type":"","overlay-color":"","overlay-opacity":"","overlay-gradient":""},"tablet":{"background-color":"var(--ast-global-color-5)","background-image":"","background-repeat":"repeat","background-position":"center center","background-size":"auto","background-attachment":"scroll","background-type":"","background-media":"","overlay-type":"","overlay-color":"","overlay-opacity":"","overlay-gradient":""},"mobile":{"background-color":"var(--ast-global-color-5)","background-image":"","background-repeat":"repeat","background-position":"center center","background-size":"auto","background-attachment":"scroll","background-type":"","background-media":"","overlay-type":"","overlay-color":"","overlay-opacity":"","overlay-gradient":""}},"footnotes":""},"categories":[1],"tags":[],"class_list":["post-8089","post","type-post","status-publish","format-standard","hentry","category-allgemein"],"yoast_head":"<!-- This site is optimized with the Yoast SEO plugin v26.8 - https:\/\/yoast.com\/product\/yoast-seo-wordpress\/ -->\n<title>\u201e\u00d6kumenische Herausforderungen der Lutherforschung\u201c \u00a0\u2013 Festgabe f\u00fcr Prof. Theodor Dieter erschienen - Institut f\u00fcr \u00d6kumenische<\/title>\n<meta name=\"robots\" content=\"index, follow, max-snippet:-1, max-image-preview:large, max-video-preview:-1\" \/>\n<link rel=\"canonical\" href=\"https:\/\/ecumenical-institute.org\/en\/2024\/04\/25\/oekumenische-herausforderungen-der-lutherforschung-festgabe-fuer-prof-theodor-dieter-erschienen\/\" \/>\n<meta property=\"og:locale\" content=\"en_GB\" \/>\n<meta property=\"og:type\" content=\"article\" \/>\n<meta property=\"og:title\" content=\"\u201e\u00d6kumenische Herausforderungen der Lutherforschung\u201c \u00a0\u2013 Festgabe f\u00fcr Prof. Theodor Dieter erschienen - Institut f\u00fcr \u00d6kumenische\" \/>\n<meta property=\"og:description\" content=\"Im Jahr 2021 feierte Prof. Theodor Dieter, langj\u00e4hriger Forschungsprofessor und Direktor des Instituts und Architekt der meisten lutherischen \u00f6kumenischen Dialoge, seinen 70. Geburtstag. Zu diesem Anlass wurde im Institut ein Symposium zu seinen Ehren unter dem Titel \u201e\u00d6kumenische Herausforderungen der Lutherforschung\u201c veranstaltet. Renommierte Forscherinnen und Forscher aus verschiedenen L\u00e4ndern waren von 22.-25. M\u00e4rz 2022 in [&hellip;]\" \/>\n<meta property=\"og:url\" content=\"https:\/\/ecumenical-institute.org\/en\/2024\/04\/25\/oekumenische-herausforderungen-der-lutherforschung-festgabe-fuer-prof-theodor-dieter-erschienen\/\" \/>\n<meta property=\"og:site_name\" content=\"Institut f\u00fcr \u00d6kumenische\" \/>\n<meta property=\"article:published_time\" content=\"2024-04-25T08:18:20+00:00\" \/>\n<meta property=\"article:modified_time\" content=\"2024-04-25T08:47:13+00:00\" \/>\n<meta property=\"og:image\" content=\"https:\/\/ecumenical-institute.org\/wp-content\/uploads\/2024\/04\/eva_cover_07592_Wasmuth_Zeeb_Oekumenische_Herausforderungen_der_Lutherforschung.jpg\" \/>\n<meta name=\"author\" content=\"Elke Leypold\" \/>\n<meta name=\"twitter:card\" content=\"summary_large_image\" \/>\n<meta name=\"twitter:label1\" content=\"Written by\" \/>\n\t<meta name=\"twitter:data1\" content=\"Elke Leypold\" \/>\n\t<meta name=\"twitter:label2\" content=\"Estimated reading time\" \/>\n\t<meta name=\"twitter:data2\" content=\"3 minutes\" \/>\n<script type=\"application\/ld+json\" class=\"yoast-schema-graph\">{\"@context\":\"https:\/\/schema.org\",\"@graph\":[{\"@type\":\"Article\",\"@id\":\"https:\/\/ecumenical-institute.org\/2024\/04\/25\/oekumenische-herausforderungen-der-lutherforschung-festgabe-fuer-prof-theodor-dieter-erschienen\/#article\",\"isPartOf\":{\"@id\":\"https:\/\/ecumenical-institute.org\/2024\/04\/25\/oekumenische-herausforderungen-der-lutherforschung-festgabe-fuer-prof-theodor-dieter-erschienen\/\"},\"author\":{\"name\":\"Elke Leypold\",\"@id\":\"https:\/\/ecumenical-institute.org\/#\/schema\/person\/0b037a8edf4837093e192266edee63d9\"},\"headline\":\"\u201e\u00d6kumenische Herausforderungen der Lutherforschung\u201c \u00a0\u2013 Festgabe f\u00fcr Prof. Theodor Dieter erschienen\",\"datePublished\":\"2024-04-25T08:18:20+00:00\",\"dateModified\":\"2024-04-25T08:47:13+00:00\",\"mainEntityOfPage\":{\"@id\":\"https:\/\/ecumenical-institute.org\/2024\/04\/25\/oekumenische-herausforderungen-der-lutherforschung-festgabe-fuer-prof-theodor-dieter-erschienen\/\"},\"wordCount\":476,\"publisher\":{\"@id\":\"https:\/\/ecumenical-institute.org\/#organization\"},\"image\":{\"@id\":\"https:\/\/ecumenical-institute.org\/2024\/04\/25\/oekumenische-herausforderungen-der-lutherforschung-festgabe-fuer-prof-theodor-dieter-erschienen\/#primaryimage\"},\"thumbnailUrl\":\"https:\/\/ecumenical-institute.org\/wp-content\/uploads\/2024\/04\/eva_cover_07592_Wasmuth_Zeeb_Oekumenische_Herausforderungen_der_Lutherforschung.jpg\",\"articleSection\":[\"Allgemein\"],\"inLanguage\":\"en-GB\"},{\"@type\":\"WebPage\",\"@id\":\"https:\/\/ecumenical-institute.org\/2024\/04\/25\/oekumenische-herausforderungen-der-lutherforschung-festgabe-fuer-prof-theodor-dieter-erschienen\/\",\"url\":\"https:\/\/ecumenical-institute.org\/2024\/04\/25\/oekumenische-herausforderungen-der-lutherforschung-festgabe-fuer-prof-theodor-dieter-erschienen\/\",\"name\":\"\u201e\u00d6kumenische Herausforderungen der Lutherforschung\u201c \u00a0\u2013 Festgabe f\u00fcr Prof. Theodor Dieter erschienen - Institut f\u00fcr \u00d6kumenische\",\"isPartOf\":{\"@id\":\"https:\/\/ecumenical-institute.org\/#website\"},\"primaryImageOfPage\":{\"@id\":\"https:\/\/ecumenical-institute.org\/2024\/04\/25\/oekumenische-herausforderungen-der-lutherforschung-festgabe-fuer-prof-theodor-dieter-erschienen\/#primaryimage\"},\"image\":{\"@id\":\"https:\/\/ecumenical-institute.org\/2024\/04\/25\/oekumenische-herausforderungen-der-lutherforschung-festgabe-fuer-prof-theodor-dieter-erschienen\/#primaryimage\"},\"thumbnailUrl\":\"https:\/\/ecumenical-institute.org\/wp-content\/uploads\/2024\/04\/eva_cover_07592_Wasmuth_Zeeb_Oekumenische_Herausforderungen_der_Lutherforschung.jpg\",\"datePublished\":\"2024-04-25T08:18:20+00:00\",\"dateModified\":\"2024-04-25T08:47:13+00:00\",\"breadcrumb\":{\"@id\":\"https:\/\/ecumenical-institute.org\/2024\/04\/25\/oekumenische-herausforderungen-der-lutherforschung-festgabe-fuer-prof-theodor-dieter-erschienen\/#breadcrumb\"},\"inLanguage\":\"en-GB\",\"potentialAction\":[{\"@type\":\"ReadAction\",\"target\":[\"https:\/\/ecumenical-institute.org\/2024\/04\/25\/oekumenische-herausforderungen-der-lutherforschung-festgabe-fuer-prof-theodor-dieter-erschienen\/\"]}]},{\"@type\":\"ImageObject\",\"inLanguage\":\"en-GB\",\"@id\":\"https:\/\/ecumenical-institute.org\/2024\/04\/25\/oekumenische-herausforderungen-der-lutherforschung-festgabe-fuer-prof-theodor-dieter-erschienen\/#primaryimage\",\"url\":\"https:\/\/ecumenical-institute.org\/wp-content\/uploads\/2024\/04\/eva_cover_07592_Wasmuth_Zeeb_Oekumenische_Herausforderungen_der_Lutherforschung.jpg\",\"contentUrl\":\"https:\/\/ecumenical-institute.org\/wp-content\/uploads\/2024\/04\/eva_cover_07592_Wasmuth_Zeeb_Oekumenische_Herausforderungen_der_Lutherforschung.jpg\"},{\"@type\":\"BreadcrumbList\",\"@id\":\"https:\/\/ecumenical-institute.org\/2024\/04\/25\/oekumenische-herausforderungen-der-lutherforschung-festgabe-fuer-prof-theodor-dieter-erschienen\/#breadcrumb\",\"itemListElement\":[{\"@type\":\"ListItem\",\"position\":1,\"name\":\"Home\",\"item\":\"https:\/\/ecumenical-institute.org\/\"},{\"@type\":\"ListItem\",\"position\":2,\"name\":\"\u201e\u00d6kumenische Herausforderungen der Lutherforschung\u201c \u00a0\u2013 Festgabe f\u00fcr Prof. Theodor Dieter erschienen\"}]},{\"@type\":\"WebSite\",\"@id\":\"https:\/\/ecumenical-institute.org\/#website\",\"url\":\"https:\/\/ecumenical-institute.org\/\",\"name\":\"Institut f\u00fcr \u00d6kumenische\",\"description\":\" Forschung in Strasbourg\",\"publisher\":{\"@id\":\"https:\/\/ecumenical-institute.org\/#organization\"},\"potentialAction\":[{\"@type\":\"SearchAction\",\"target\":{\"@type\":\"EntryPoint\",\"urlTemplate\":\"https:\/\/ecumenical-institute.org\/?s={search_term_string}\"},\"query-input\":{\"@type\":\"PropertyValueSpecification\",\"valueRequired\":true,\"valueName\":\"search_term_string\"}}],\"inLanguage\":\"en-GB\"},{\"@type\":\"Organization\",\"@id\":\"https:\/\/ecumenical-institute.org\/#organization\",\"name\":\"Institut f\u00fcr \u00d6kumenische Forschung in Strasbourg\",\"url\":\"https:\/\/ecumenical-institute.org\/\",\"logo\":{\"@type\":\"ImageObject\",\"inLanguage\":\"en-GB\",\"@id\":\"https:\/\/ecumenical-institute.org\/#\/schema\/logo\/image\/\",\"url\":\"https:\/\/ecumenical-institute.org\/wp-content\/uploads\/2021\/08\/Logo_grau.png\",\"contentUrl\":\"https:\/\/ecumenical-institute.org\/wp-content\/uploads\/2021\/08\/Logo_grau.png\",\"width\":300,\"height\":448,\"caption\":\"Institut f\u00fcr \u00d6kumenische Forschung in Strasbourg\"},\"image\":{\"@id\":\"https:\/\/ecumenical-institute.org\/#\/schema\/logo\/image\/\"}},{\"@type\":\"Person\",\"@id\":\"https:\/\/ecumenical-institute.org\/#\/schema\/person\/0b037a8edf4837093e192266edee63d9\",\"name\":\"Elke Leypold\",\"image\":{\"@type\":\"ImageObject\",\"inLanguage\":\"en-GB\",\"@id\":\"https:\/\/ecumenical-institute.org\/#\/schema\/person\/image\/\",\"url\":\"https:\/\/secure.gravatar.com\/avatar\/4c675d0133630a89654647b8a81fc9ef?s=96&d=mm&r=g\",\"contentUrl\":\"https:\/\/secure.gravatar.com\/avatar\/4c675d0133630a89654647b8a81fc9ef?s=96&d=mm&r=g\",\"caption\":\"Elke Leypold\"},\"url\":\"https:\/\/ecumenical-institute.org\/en\/author\/stras-ecumwanadoo-fr\/\"}]}<\/script>\n<!-- \/ Yoast SEO plugin. -->","yoast_head_json":{"title":"\u201e\u00d6kumenische Herausforderungen der Lutherforschung\u201c \u00a0\u2013 Festgabe f\u00fcr Prof. Theodor Dieter erschienen - Institut f\u00fcr \u00d6kumenische","robots":{"index":"index","follow":"follow","max-snippet":"max-snippet:-1","max-image-preview":"max-image-preview:large","max-video-preview":"max-video-preview:-1"},"canonical":"https:\/\/ecumenical-institute.org\/en\/2024\/04\/25\/oekumenische-herausforderungen-der-lutherforschung-festgabe-fuer-prof-theodor-dieter-erschienen\/","og_locale":"en_GB","og_type":"article","og_title":"\u201e\u00d6kumenische Herausforderungen der Lutherforschung\u201c \u00a0\u2013 Festgabe f\u00fcr Prof. Theodor Dieter erschienen - Institut f\u00fcr \u00d6kumenische","og_description":"Im Jahr 2021 feierte Prof. Theodor Dieter, langj\u00e4hriger Forschungsprofessor und Direktor des Instituts und Architekt der meisten lutherischen \u00f6kumenischen Dialoge, seinen 70. Geburtstag. Zu diesem Anlass wurde im Institut ein Symposium zu seinen Ehren unter dem Titel \u201e\u00d6kumenische Herausforderungen der Lutherforschung\u201c veranstaltet. Renommierte Forscherinnen und Forscher aus verschiedenen L\u00e4ndern waren von 22.-25. M\u00e4rz 2022 in [&hellip;]","og_url":"https:\/\/ecumenical-institute.org\/en\/2024\/04\/25\/oekumenische-herausforderungen-der-lutherforschung-festgabe-fuer-prof-theodor-dieter-erschienen\/","og_site_name":"Institut f\u00fcr \u00d6kumenische","article_published_time":"2024-04-25T08:18:20+00:00","article_modified_time":"2024-04-25T08:47:13+00:00","og_image":[{"url":"https:\/\/ecumenical-institute.org\/wp-content\/uploads\/2024\/04\/eva_cover_07592_Wasmuth_Zeeb_Oekumenische_Herausforderungen_der_Lutherforschung.jpg","type":"","width":"","height":""}],"author":"Elke Leypold","twitter_card":"summary_large_image","twitter_misc":{"Written by":"Elke Leypold","Estimated reading time":"3 minutes"},"schema":{"@context":"https:\/\/schema.org","@graph":[{"@type":"Article","@id":"https:\/\/ecumenical-institute.org\/2024\/04\/25\/oekumenische-herausforderungen-der-lutherforschung-festgabe-fuer-prof-theodor-dieter-erschienen\/#article","isPartOf":{"@id":"https:\/\/ecumenical-institute.org\/2024\/04\/25\/oekumenische-herausforderungen-der-lutherforschung-festgabe-fuer-prof-theodor-dieter-erschienen\/"},"author":{"name":"Elke Leypold","@id":"https:\/\/ecumenical-institute.org\/#\/schema\/person\/0b037a8edf4837093e192266edee63d9"},"headline":"\u201e\u00d6kumenische Herausforderungen der Lutherforschung\u201c \u00a0\u2013 Festgabe f\u00fcr Prof. Theodor Dieter erschienen","datePublished":"2024-04-25T08:18:20+00:00","dateModified":"2024-04-25T08:47:13+00:00","mainEntityOfPage":{"@id":"https:\/\/ecumenical-institute.org\/2024\/04\/25\/oekumenische-herausforderungen-der-lutherforschung-festgabe-fuer-prof-theodor-dieter-erschienen\/"},"wordCount":476,"publisher":{"@id":"https:\/\/ecumenical-institute.org\/#organization"},"image":{"@id":"https:\/\/ecumenical-institute.org\/2024\/04\/25\/oekumenische-herausforderungen-der-lutherforschung-festgabe-fuer-prof-theodor-dieter-erschienen\/#primaryimage"},"thumbnailUrl":"https:\/\/ecumenical-institute.org\/wp-content\/uploads\/2024\/04\/eva_cover_07592_Wasmuth_Zeeb_Oekumenische_Herausforderungen_der_Lutherforschung.jpg","articleSection":["Allgemein"],"inLanguage":"en-GB"},{"@type":"WebPage","@id":"https:\/\/ecumenical-institute.org\/2024\/04\/25\/oekumenische-herausforderungen-der-lutherforschung-festgabe-fuer-prof-theodor-dieter-erschienen\/","url":"https:\/\/ecumenical-institute.org\/2024\/04\/25\/oekumenische-herausforderungen-der-lutherforschung-festgabe-fuer-prof-theodor-dieter-erschienen\/","name":"\u201e\u00d6kumenische Herausforderungen der Lutherforschung\u201c \u00a0\u2013 Festgabe f\u00fcr Prof. Theodor Dieter erschienen - Institut f\u00fcr \u00d6kumenische","isPartOf":{"@id":"https:\/\/ecumenical-institute.org\/#website"},"primaryImageOfPage":{"@id":"https:\/\/ecumenical-institute.org\/2024\/04\/25\/oekumenische-herausforderungen-der-lutherforschung-festgabe-fuer-prof-theodor-dieter-erschienen\/#primaryimage"},"image":{"@id":"https:\/\/ecumenical-institute.org\/2024\/04\/25\/oekumenische-herausforderungen-der-lutherforschung-festgabe-fuer-prof-theodor-dieter-erschienen\/#primaryimage"},"thumbnailUrl":"https:\/\/ecumenical-institute.org\/wp-content\/uploads\/2024\/04\/eva_cover_07592_Wasmuth_Zeeb_Oekumenische_Herausforderungen_der_Lutherforschung.jpg","datePublished":"2024-04-25T08:18:20+00:00","dateModified":"2024-04-25T08:47:13+00:00","breadcrumb":{"@id":"https:\/\/ecumenical-institute.org\/2024\/04\/25\/oekumenische-herausforderungen-der-lutherforschung-festgabe-fuer-prof-theodor-dieter-erschienen\/#breadcrumb"},"inLanguage":"en-GB","potentialAction":[{"@type":"ReadAction","target":["https:\/\/ecumenical-institute.org\/2024\/04\/25\/oekumenische-herausforderungen-der-lutherforschung-festgabe-fuer-prof-theodor-dieter-erschienen\/"]}]},{"@type":"ImageObject","inLanguage":"en-GB","@id":"https:\/\/ecumenical-institute.org\/2024\/04\/25\/oekumenische-herausforderungen-der-lutherforschung-festgabe-fuer-prof-theodor-dieter-erschienen\/#primaryimage","url":"https:\/\/ecumenical-institute.org\/wp-content\/uploads\/2024\/04\/eva_cover_07592_Wasmuth_Zeeb_Oekumenische_Herausforderungen_der_Lutherforschung.jpg","contentUrl":"https:\/\/ecumenical-institute.org\/wp-content\/uploads\/2024\/04\/eva_cover_07592_Wasmuth_Zeeb_Oekumenische_Herausforderungen_der_Lutherforschung.jpg"},{"@type":"BreadcrumbList","@id":"https:\/\/ecumenical-institute.org\/2024\/04\/25\/oekumenische-herausforderungen-der-lutherforschung-festgabe-fuer-prof-theodor-dieter-erschienen\/#breadcrumb","itemListElement":[{"@type":"ListItem","position":1,"name":"Home","item":"https:\/\/ecumenical-institute.org\/"},{"@type":"ListItem","position":2,"name":"\u201e\u00d6kumenische Herausforderungen der Lutherforschung\u201c \u00a0\u2013 Festgabe f\u00fcr Prof. Theodor Dieter erschienen"}]},{"@type":"WebSite","@id":"https:\/\/ecumenical-institute.org\/#website","url":"https:\/\/ecumenical-institute.org\/","name":"Institute for Ecumenical","description":"Research in Strasbourg","publisher":{"@id":"https:\/\/ecumenical-institute.org\/#organization"},"potentialAction":[{"@type":"SearchAction","target":{"@type":"EntryPoint","urlTemplate":"https:\/\/ecumenical-institute.org\/?s={search_term_string}"},"query-input":{"@type":"PropertyValueSpecification","valueRequired":true,"valueName":"search_term_string"}}],"inLanguage":"en-GB"},{"@type":"Organization","@id":"https:\/\/ecumenical-institute.org\/#organization","name":"Institute for Ecumenical Research","url":"https:\/\/ecumenical-institute.org\/","logo":{"@type":"ImageObject","inLanguage":"en-GB","@id":"https:\/\/ecumenical-institute.org\/#\/schema\/logo\/image\/","url":"https:\/\/ecumenical-institute.org\/wp-content\/uploads\/2021\/08\/Logo_grau.png","contentUrl":"https:\/\/ecumenical-institute.org\/wp-content\/uploads\/2021\/08\/Logo_grau.png","width":300,"height":448,"caption":"Institut f\u00fcr \u00d6kumenische Forschung in Strasbourg"},"image":{"@id":"https:\/\/ecumenical-institute.org\/#\/schema\/logo\/image\/"}},{"@type":"Person","@id":"https:\/\/ecumenical-institute.org\/#\/schema\/person\/0b037a8edf4837093e192266edee63d9","name":"Elke Leypold","image":{"@type":"ImageObject","inLanguage":"en-GB","@id":"https:\/\/ecumenical-institute.org\/#\/schema\/person\/image\/","url":"https:\/\/secure.gravatar.com\/avatar\/4c675d0133630a89654647b8a81fc9ef?s=96&d=mm&r=g","contentUrl":"https:\/\/secure.gravatar.com\/avatar\/4c675d0133630a89654647b8a81fc9ef?s=96&d=mm&r=g","caption":"Elke Leypold"},"url":"https:\/\/ecumenical-institute.org\/en\/author\/stras-ecumwanadoo-fr\/"}]}},"uagb_featured_image_src":{"full":false,"thumbnail":false,"medium":false,"medium_large":false,"large":false,"1536x1536":false,"2048x2048":false,"trp-custom-language-flag":false},"uagb_author_info":{"display_name":"Elke Leypold","author_link":"https:\/\/ecumenical-institute.org\/en\/author\/stras-ecumwanadoo-fr\/"},"uagb_comment_info":0,"uagb_excerpt":"Im Jahr 2021 feierte Prof. Theodor Dieter, langj\u00e4hriger Forschungsprofessor und Direktor des Instituts und Architekt der meisten lutherischen \u00f6kumenischen Dialoge, seinen 70. Geburtstag. Zu diesem Anlass wurde im Institut ein Symposium zu seinen Ehren unter dem Titel \u201e\u00d6kumenische Herausforderungen der Lutherforschung\u201c veranstaltet. Renommierte Forscherinnen und Forscher aus verschiedenen L\u00e4ndern waren von 22.-25. M\u00e4rz 2022 in&hellip;","_links":{"self":[{"href":"https:\/\/ecumenical-institute.org\/en\/wp-json\/wp\/v2\/posts\/8089","targetHints":{"allow":["GET"]}}],"collection":[{"href":"https:\/\/ecumenical-institute.org\/en\/wp-json\/wp\/v2\/posts"}],"about":[{"href":"https:\/\/ecumenical-institute.org\/en\/wp-json\/wp\/v2\/types\/post"}],"author":[{"embeddable":true,"href":"https:\/\/ecumenical-institute.org\/en\/wp-json\/wp\/v2\/users\/4"}],"replies":[{"embeddable":true,"href":"https:\/\/ecumenical-institute.org\/en\/wp-json\/wp\/v2\/comments?post=8089"}],"version-history":[{"count":6,"href":"https:\/\/ecumenical-institute.org\/en\/wp-json\/wp\/v2\/posts\/8089\/revisions"}],"predecessor-version":[{"id":8099,"href":"https:\/\/ecumenical-institute.org\/en\/wp-json\/wp\/v2\/posts\/8089\/revisions\/8099"}],"wp:attachment":[{"href":"https:\/\/ecumenical-institute.org\/en\/wp-json\/wp\/v2\/media?parent=8089"}],"wp:term":[{"taxonomy":"category","embeddable":true,"href":"https:\/\/ecumenical-institute.org\/en\/wp-json\/wp\/v2\/categories?post=8089"},{"taxonomy":"post_tag","embeddable":true,"href":"https:\/\/ecumenical-institute.org\/en\/wp-json\/wp\/v2\/tags?post=8089"}],"curies":[{"name":"wp","href":"https:\/\/api.w.org\/{rel}","templated":true}]}}