{"id":8116,"date":"2025-05-17T12:47:21","date_gmt":"2025-05-17T10:47:21","guid":{"rendered":"https:\/\/ecumenical-institute.org\/?p=8116"},"modified":"2025-05-17T12:47:24","modified_gmt":"2025-05-17T10:47:24","slug":"das-pontifikat-von-papst-franziskus-eine-bleibende-herausforderung-fuer-lutheraner-und-lutheranerinnen","status":"publish","type":"post","link":"https:\/\/ecumenical-institute.org\/en\/2025\/05\/17\/das-pontifikat-von-papst-franziskus-eine-bleibende-herausforderung-fuer-lutheraner-und-lutheranerinnen\/","title":{"rendered":"The Pontificate of Pope Francis \u2013\nan Inspiring Challenge for Lutherans"},"content":{"rendered":"<p>The death and funeral of Pope Francis have attracted a great deal of attention worldwide. Pope Francis has been an unmistakable, much-noticed voice of Christianity, extraordinarily rich in theological and spiritual insights, offering orientation in a world threatened by self-destruction. It is worthwhile and inspiring for Protestant Christians, too, to take a closer look at the thinking and work of Pope Francis. Thus, we would like to give an ecumenically interested Lutheran audience the opportunity to take a closer look at the theology and ministry of the deceased Pope. To this end, we have asked Hauptpastor Dr. Jens-Martin Kruse (Hamburg) to give a comprehensive presentation of Pope Francis\u2019 work. Dr. Kruse was a pastor at the Evangelical-Lutheran Christuskirche in Rome for many years and accompanied many ecumenical delegations to audiences with Pope Francis. This has resulted in a friendly relationship between the Pope and the Protestant pastor; Pastor Kruse has continued to follow the Pope's work closely even after his move to Hamburg (Germany).<\/p>\n\n\n\n<figure class=\"wp-block-image size-full\"><img loading=\"lazy\" decoding=\"async\" width=\"1000\" height=\"667\" src=\"https:\/\/ecumenical-institute.org\/wp-content\/uploads\/2025\/05\/Pope-Francis3.jpg\" alt=\"\" class=\"wp-image-8123\" srcset=\"https:\/\/ecumenical-institute.org\/wp-content\/uploads\/2025\/05\/Pope-Francis3.jpg 1000w, https:\/\/ecumenical-institute.org\/wp-content\/uploads\/2025\/05\/Pope-Francis3-300x200.jpg 300w, https:\/\/ecumenical-institute.org\/wp-content\/uploads\/2025\/05\/Pope-Francis3-768x512.jpg 768w, https:\/\/ecumenical-institute.org\/wp-content\/uploads\/2025\/05\/Pope-Francis3-18x12.jpg 18w\" sizes=\"auto, (max-width: 1000px) 100vw, 1000px\" \/><\/figure>\n\n\n\n<p class=\"translation-block\">The study, which you can find at this link (|<a href=\"https:\/\/ecumenical-institute.org\/wp-content\/uploads\/2025\/05\/The-Pontificate-of-Pope-Francis.pdf\" target=\"_self\">The Pontificate of Pope Francis<\/a>), shows how comprehensive and consistent Pope Francis\u2019 theology was, even if he sometimes acted very impulsively and spontaneously. It is highly impressive how closely Francis\u2019 faith and his profound and wide-ranging theology, spirituality and ministry, lifestyle and personality are intertwined. Dr. Kruse\u2019s study presents the complexity and coherence of Pope Francis\u2019 work in 11 chapters. It allows him to speak for himself in many quotations. I recommend reading these chapters slowly and allowing yourself to be inspired, criticized and challenged to get involved by the Pope\u2019s thoughts!<\/p>\n\n\n\n<p>I hope you enjoy reading and reflecting!\nTheodor Dieter<\/p>\n\n\n\n<p><br>Director emeritus Dr. Dres. h.c. Theodor Dieter<br>Institute for Ecumenical Researh Strasbourg<br><\/p>\n\n\n\n<p><\/p>\n\n\n\n<p><\/p>\n\n\n\n<p><\/p>","protected":false},"excerpt":{"rendered":"<p>Tod und Bestattung von Papst Franziskus haben weltweit gr\u00f6\u00dfte Aufmerksamkeit gefunden. Papst Franziskus war eine un\u00fcberh\u00f6rbare, viel beachtete Stimme der Christenheit, au\u00dferordentlich reich an theologischen und geistlichen Einsichten; er hat Orientierung gegeben in einer von Selbstzerst\u00f6rung bedrohten Welt. Es ist auch f\u00fcr evangelische Christinnen und Christen inspirierend, sich n\u00e4her mit dem Denken und Wirken von [&hellip;]<\/p>\n","protected":false},"author":4,"featured_media":0,"comment_status":"closed","ping_status":"open","sticky":false,"template":"","format":"standard","meta":{"_uag_custom_page_level_css":"","site-sidebar-layout":"default","site-content-layout":"","ast-site-content-layout":"default","site-content-style":"default","site-sidebar-style":"default","ast-global-header-display":"","ast-banner-title-visibility":"","ast-main-header-display":"","ast-hfb-above-header-display":"","ast-hfb-below-header-display":"","ast-hfb-mobile-header-display":"","site-post-title":"","ast-breadcrumbs-content":"","ast-featured-img":"","footer-sml-layout":"","ast-disable-related-posts":"","theme-transparent-header-meta":"","adv-header-id-meta":"","stick-header-meta":"","header-above-stick-meta":"","header-main-stick-meta":"","header-below-stick-meta":"","astra-migrate-meta-layouts":"set","ast-page-background-enabled":"default","ast-page-background-meta":{"desktop":{"background-color":"","background-image":"","background-repeat":"repeat","background-position":"center center","background-size":"auto","background-attachment":"scroll","background-type":"","background-media":"","overlay-type":"","overlay-color":"","overlay-opacity":"","overlay-gradient":""},"tablet":{"background-color":"","background-image":"","background-repeat":"repeat","background-position":"center center","background-size":"auto","background-attachment":"scroll","background-type":"","background-media":"","overlay-type":"","overlay-color":"","overlay-opacity":"","overlay-gradient":""},"mobile":{"background-color":"","background-image":"","background-repeat":"repeat","background-position":"center center","background-size":"auto","background-attachment":"scroll","background-type":"","background-media":"","overlay-type":"","overlay-color":"","overlay-opacity":"","overlay-gradient":""}},"ast-content-background-meta":{"desktop":{"background-color":"var(--ast-global-color-5)","background-image":"","background-repeat":"repeat","background-position":"center center","background-size":"auto","background-attachment":"scroll","background-type":"","background-media":"","overlay-type":"","overlay-color":"","overlay-opacity":"","overlay-gradient":""},"tablet":{"background-color":"var(--ast-global-color-5)","background-image":"","background-repeat":"repeat","background-position":"center center","background-size":"auto","background-attachment":"scroll","background-type":"","background-media":"","overlay-type":"","overlay-color":"","overlay-opacity":"","overlay-gradient":""},"mobile":{"background-color":"var(--ast-global-color-5)","background-image":"","background-repeat":"repeat","background-position":"center center","background-size":"auto","background-attachment":"scroll","background-type":"","background-media":"","overlay-type":"","overlay-color":"","overlay-opacity":"","overlay-gradient":""}},"footnotes":""},"categories":[1],"tags":[],"class_list":["post-8116","post","type-post","status-publish","format-standard","hentry","category-allgemein"],"yoast_head":"<!-- This site is optimized with the Yoast SEO plugin v26.8 - https:\/\/yoast.com\/product\/yoast-seo-wordpress\/ -->\n<title>Das Pontifikat von Papst Franziskus - eine bleibende Herausforderung f\u00fcr Lutheraner und Lutheranerinnen - Institut f\u00fcr \u00d6kumenische<\/title>\n<meta name=\"robots\" content=\"index, follow, max-snippet:-1, max-image-preview:large, max-video-preview:-1\" \/>\n<link rel=\"canonical\" href=\"https:\/\/ecumenical-institute.org\/en\/2025\/05\/17\/das-pontifikat-von-papst-franziskus-eine-bleibende-herausforderung-fuer-lutheraner-und-lutheranerinnen\/\" \/>\n<meta property=\"og:locale\" content=\"en_GB\" \/>\n<meta property=\"og:type\" content=\"article\" \/>\n<meta property=\"og:title\" content=\"Das Pontifikat von Papst Franziskus - eine bleibende Herausforderung f\u00fcr Lutheraner und Lutheranerinnen - Institut f\u00fcr \u00d6kumenische\" \/>\n<meta property=\"og:description\" content=\"Tod und Bestattung von Papst Franziskus haben weltweit gr\u00f6\u00dfte Aufmerksamkeit gefunden. Papst Franziskus war eine un\u00fcberh\u00f6rbare, viel beachtete Stimme der Christenheit, au\u00dferordentlich reich an theologischen und geistlichen Einsichten; er hat Orientierung gegeben in einer von Selbstzerst\u00f6rung bedrohten Welt. Es ist auch f\u00fcr evangelische Christinnen und Christen inspirierend, sich n\u00e4her mit dem Denken und Wirken von [&hellip;]\" \/>\n<meta property=\"og:url\" content=\"https:\/\/ecumenical-institute.org\/en\/2025\/05\/17\/das-pontifikat-von-papst-franziskus-eine-bleibende-herausforderung-fuer-lutheraner-und-lutheranerinnen\/\" \/>\n<meta property=\"og:site_name\" content=\"Institut f\u00fcr \u00d6kumenische\" \/>\n<meta property=\"article:published_time\" content=\"2025-05-17T10:47:21+00:00\" \/>\n<meta property=\"article:modified_time\" content=\"2025-05-17T10:47:24+00:00\" \/>\n<meta property=\"og:image\" content=\"https:\/\/ecumenical-institute.org\/wp-content\/uploads\/2025\/05\/Pope-Francis3.jpg\" \/>\n\t<meta property=\"og:image:width\" content=\"1000\" \/>\n\t<meta property=\"og:image:height\" content=\"667\" \/>\n\t<meta property=\"og:image:type\" content=\"image\/jpeg\" \/>\n<meta name=\"author\" content=\"Elke Leypold\" \/>\n<meta name=\"twitter:card\" content=\"summary_large_image\" \/>\n<meta name=\"twitter:label1\" content=\"Written by\" \/>\n\t<meta name=\"twitter:data1\" content=\"Elke Leypold\" \/>\n\t<meta name=\"twitter:label2\" content=\"Estimated reading time\" \/>\n\t<meta name=\"twitter:data2\" content=\"2 minutes\" \/>\n<script type=\"application\/ld+json\" class=\"yoast-schema-graph\">{\"@context\":\"https:\/\/schema.org\",\"@graph\":[{\"@type\":\"Article\",\"@id\":\"https:\/\/ecumenical-institute.org\/2025\/05\/17\/das-pontifikat-von-papst-franziskus-eine-bleibende-herausforderung-fuer-lutheraner-und-lutheranerinnen\/#article\",\"isPartOf\":{\"@id\":\"https:\/\/ecumenical-institute.org\/2025\/05\/17\/das-pontifikat-von-papst-franziskus-eine-bleibende-herausforderung-fuer-lutheraner-und-lutheranerinnen\/\"},\"author\":{\"name\":\"Elke Leypold\",\"@id\":\"https:\/\/ecumenical-institute.org\/#\/schema\/person\/0b037a8edf4837093e192266edee63d9\"},\"headline\":\"Das Pontifikat von Papst Franziskus &#8211; eine bleibende Herausforderung f\u00fcr Lutheraner und Lutheranerinnen\",\"datePublished\":\"2025-05-17T10:47:21+00:00\",\"dateModified\":\"2025-05-17T10:47:24+00:00\",\"mainEntityOfPage\":{\"@id\":\"https:\/\/ecumenical-institute.org\/2025\/05\/17\/das-pontifikat-von-papst-franziskus-eine-bleibende-herausforderung-fuer-lutheraner-und-lutheranerinnen\/\"},\"wordCount\":320,\"publisher\":{\"@id\":\"https:\/\/ecumenical-institute.org\/#organization\"},\"image\":{\"@id\":\"https:\/\/ecumenical-institute.org\/2025\/05\/17\/das-pontifikat-von-papst-franziskus-eine-bleibende-herausforderung-fuer-lutheraner-und-lutheranerinnen\/#primaryimage\"},\"thumbnailUrl\":\"https:\/\/ecumenical-institute.org\/wp-content\/uploads\/2025\/05\/Pope-Francis3.jpg\",\"articleSection\":[\"Allgemein\"],\"inLanguage\":\"en-GB\"},{\"@type\":\"WebPage\",\"@id\":\"https:\/\/ecumenical-institute.org\/2025\/05\/17\/das-pontifikat-von-papst-franziskus-eine-bleibende-herausforderung-fuer-lutheraner-und-lutheranerinnen\/\",\"url\":\"https:\/\/ecumenical-institute.org\/2025\/05\/17\/das-pontifikat-von-papst-franziskus-eine-bleibende-herausforderung-fuer-lutheraner-und-lutheranerinnen\/\",\"name\":\"Das Pontifikat von Papst Franziskus - eine bleibende Herausforderung f\u00fcr Lutheraner und Lutheranerinnen - Institut f\u00fcr \u00d6kumenische\",\"isPartOf\":{\"@id\":\"https:\/\/ecumenical-institute.org\/#website\"},\"primaryImageOfPage\":{\"@id\":\"https:\/\/ecumenical-institute.org\/2025\/05\/17\/das-pontifikat-von-papst-franziskus-eine-bleibende-herausforderung-fuer-lutheraner-und-lutheranerinnen\/#primaryimage\"},\"image\":{\"@id\":\"https:\/\/ecumenical-institute.org\/2025\/05\/17\/das-pontifikat-von-papst-franziskus-eine-bleibende-herausforderung-fuer-lutheraner-und-lutheranerinnen\/#primaryimage\"},\"thumbnailUrl\":\"https:\/\/ecumenical-institute.org\/wp-content\/uploads\/2025\/05\/Pope-Francis3.jpg\",\"datePublished\":\"2025-05-17T10:47:21+00:00\",\"dateModified\":\"2025-05-17T10:47:24+00:00\",\"breadcrumb\":{\"@id\":\"https:\/\/ecumenical-institute.org\/2025\/05\/17\/das-pontifikat-von-papst-franziskus-eine-bleibende-herausforderung-fuer-lutheraner-und-lutheranerinnen\/#breadcrumb\"},\"inLanguage\":\"en-GB\",\"potentialAction\":[{\"@type\":\"ReadAction\",\"target\":[\"https:\/\/ecumenical-institute.org\/2025\/05\/17\/das-pontifikat-von-papst-franziskus-eine-bleibende-herausforderung-fuer-lutheraner-und-lutheranerinnen\/\"]}]},{\"@type\":\"ImageObject\",\"inLanguage\":\"en-GB\",\"@id\":\"https:\/\/ecumenical-institute.org\/2025\/05\/17\/das-pontifikat-von-papst-franziskus-eine-bleibende-herausforderung-fuer-lutheraner-und-lutheranerinnen\/#primaryimage\",\"url\":\"https:\/\/ecumenical-institute.org\/wp-content\/uploads\/2025\/05\/Pope-Francis3.jpg\",\"contentUrl\":\"https:\/\/ecumenical-institute.org\/wp-content\/uploads\/2025\/05\/Pope-Francis3.jpg\"},{\"@type\":\"BreadcrumbList\",\"@id\":\"https:\/\/ecumenical-institute.org\/2025\/05\/17\/das-pontifikat-von-papst-franziskus-eine-bleibende-herausforderung-fuer-lutheraner-und-lutheranerinnen\/#breadcrumb\",\"itemListElement\":[{\"@type\":\"ListItem\",\"position\":1,\"name\":\"Home\",\"item\":\"https:\/\/ecumenical-institute.org\/\"},{\"@type\":\"ListItem\",\"position\":2,\"name\":\"Das Pontifikat von Papst Franziskus &#8211; eine bleibende Herausforderung f\u00fcr Lutheraner und Lutheranerinnen\"}]},{\"@type\":\"WebSite\",\"@id\":\"https:\/\/ecumenical-institute.org\/#website\",\"url\":\"https:\/\/ecumenical-institute.org\/\",\"name\":\"Institut f\u00fcr \u00d6kumenische\",\"description\":\" Forschung in Strasbourg\",\"publisher\":{\"@id\":\"https:\/\/ecumenical-institute.org\/#organization\"},\"potentialAction\":[{\"@type\":\"SearchAction\",\"target\":{\"@type\":\"EntryPoint\",\"urlTemplate\":\"https:\/\/ecumenical-institute.org\/?s={search_term_string}\"},\"query-input\":{\"@type\":\"PropertyValueSpecification\",\"valueRequired\":true,\"valueName\":\"search_term_string\"}}],\"inLanguage\":\"en-GB\"},{\"@type\":\"Organization\",\"@id\":\"https:\/\/ecumenical-institute.org\/#organization\",\"name\":\"Institut f\u00fcr \u00d6kumenische Forschung in Strasbourg\",\"url\":\"https:\/\/ecumenical-institute.org\/\",\"logo\":{\"@type\":\"ImageObject\",\"inLanguage\":\"en-GB\",\"@id\":\"https:\/\/ecumenical-institute.org\/#\/schema\/logo\/image\/\",\"url\":\"https:\/\/ecumenical-institute.org\/wp-content\/uploads\/2021\/08\/Logo_grau.png\",\"contentUrl\":\"https:\/\/ecumenical-institute.org\/wp-content\/uploads\/2021\/08\/Logo_grau.png\",\"width\":300,\"height\":448,\"caption\":\"Institut f\u00fcr \u00d6kumenische Forschung in Strasbourg\"},\"image\":{\"@id\":\"https:\/\/ecumenical-institute.org\/#\/schema\/logo\/image\/\"}},{\"@type\":\"Person\",\"@id\":\"https:\/\/ecumenical-institute.org\/#\/schema\/person\/0b037a8edf4837093e192266edee63d9\",\"name\":\"Elke Leypold\",\"image\":{\"@type\":\"ImageObject\",\"inLanguage\":\"en-GB\",\"@id\":\"https:\/\/ecumenical-institute.org\/#\/schema\/person\/image\/\",\"url\":\"https:\/\/secure.gravatar.com\/avatar\/4c675d0133630a89654647b8a81fc9ef?s=96&d=mm&r=g\",\"contentUrl\":\"https:\/\/secure.gravatar.com\/avatar\/4c675d0133630a89654647b8a81fc9ef?s=96&d=mm&r=g\",\"caption\":\"Elke Leypold\"},\"url\":\"https:\/\/ecumenical-institute.org\/en\/author\/stras-ecumwanadoo-fr\/\"}]}<\/script>\n<!-- \/ Yoast SEO plugin. -->","yoast_head_json":{"title":"Das Pontifikat von Papst Franziskus - eine bleibende Herausforderung f\u00fcr Lutheraner und Lutheranerinnen - Institut f\u00fcr \u00d6kumenische","robots":{"index":"index","follow":"follow","max-snippet":"max-snippet:-1","max-image-preview":"max-image-preview:large","max-video-preview":"max-video-preview:-1"},"canonical":"https:\/\/ecumenical-institute.org\/en\/2025\/05\/17\/das-pontifikat-von-papst-franziskus-eine-bleibende-herausforderung-fuer-lutheraner-und-lutheranerinnen\/","og_locale":"en_GB","og_type":"article","og_title":"Das Pontifikat von Papst Franziskus - eine bleibende Herausforderung f\u00fcr Lutheraner und Lutheranerinnen - Institut f\u00fcr \u00d6kumenische","og_description":"Tod und Bestattung von Papst Franziskus haben weltweit gr\u00f6\u00dfte Aufmerksamkeit gefunden. Papst Franziskus war eine un\u00fcberh\u00f6rbare, viel beachtete Stimme der Christenheit, au\u00dferordentlich reich an theologischen und geistlichen Einsichten; er hat Orientierung gegeben in einer von Selbstzerst\u00f6rung bedrohten Welt. Es ist auch f\u00fcr evangelische Christinnen und Christen inspirierend, sich n\u00e4her mit dem Denken und Wirken von [&hellip;]","og_url":"https:\/\/ecumenical-institute.org\/en\/2025\/05\/17\/das-pontifikat-von-papst-franziskus-eine-bleibende-herausforderung-fuer-lutheraner-und-lutheranerinnen\/","og_site_name":"Institut f\u00fcr \u00d6kumenische","article_published_time":"2025-05-17T10:47:21+00:00","article_modified_time":"2025-05-17T10:47:24+00:00","og_image":[{"width":1000,"height":667,"url":"https:\/\/ecumenical-institute.org\/wp-content\/uploads\/2025\/05\/Pope-Francis3.jpg","type":"image\/jpeg"}],"author":"Elke Leypold","twitter_card":"summary_large_image","twitter_misc":{"Written by":"Elke Leypold","Estimated reading time":"2 minutes"},"schema":{"@context":"https:\/\/schema.org","@graph":[{"@type":"Article","@id":"https:\/\/ecumenical-institute.org\/2025\/05\/17\/das-pontifikat-von-papst-franziskus-eine-bleibende-herausforderung-fuer-lutheraner-und-lutheranerinnen\/#article","isPartOf":{"@id":"https:\/\/ecumenical-institute.org\/2025\/05\/17\/das-pontifikat-von-papst-franziskus-eine-bleibende-herausforderung-fuer-lutheraner-und-lutheranerinnen\/"},"author":{"name":"Elke Leypold","@id":"https:\/\/ecumenical-institute.org\/#\/schema\/person\/0b037a8edf4837093e192266edee63d9"},"headline":"Das Pontifikat von Papst Franziskus &#8211; eine bleibende Herausforderung f\u00fcr Lutheraner und Lutheranerinnen","datePublished":"2025-05-17T10:47:21+00:00","dateModified":"2025-05-17T10:47:24+00:00","mainEntityOfPage":{"@id":"https:\/\/ecumenical-institute.org\/2025\/05\/17\/das-pontifikat-von-papst-franziskus-eine-bleibende-herausforderung-fuer-lutheraner-und-lutheranerinnen\/"},"wordCount":320,"publisher":{"@id":"https:\/\/ecumenical-institute.org\/#organization"},"image":{"@id":"https:\/\/ecumenical-institute.org\/2025\/05\/17\/das-pontifikat-von-papst-franziskus-eine-bleibende-herausforderung-fuer-lutheraner-und-lutheranerinnen\/#primaryimage"},"thumbnailUrl":"https:\/\/ecumenical-institute.org\/wp-content\/uploads\/2025\/05\/Pope-Francis3.jpg","articleSection":["Allgemein"],"inLanguage":"en-GB"},{"@type":"WebPage","@id":"https:\/\/ecumenical-institute.org\/2025\/05\/17\/das-pontifikat-von-papst-franziskus-eine-bleibende-herausforderung-fuer-lutheraner-und-lutheranerinnen\/","url":"https:\/\/ecumenical-institute.org\/2025\/05\/17\/das-pontifikat-von-papst-franziskus-eine-bleibende-herausforderung-fuer-lutheraner-und-lutheranerinnen\/","name":"Das Pontifikat von Papst Franziskus - eine bleibende Herausforderung f\u00fcr Lutheraner und Lutheranerinnen - Institut f\u00fcr \u00d6kumenische","isPartOf":{"@id":"https:\/\/ecumenical-institute.org\/#website"},"primaryImageOfPage":{"@id":"https:\/\/ecumenical-institute.org\/2025\/05\/17\/das-pontifikat-von-papst-franziskus-eine-bleibende-herausforderung-fuer-lutheraner-und-lutheranerinnen\/#primaryimage"},"image":{"@id":"https:\/\/ecumenical-institute.org\/2025\/05\/17\/das-pontifikat-von-papst-franziskus-eine-bleibende-herausforderung-fuer-lutheraner-und-lutheranerinnen\/#primaryimage"},"thumbnailUrl":"https:\/\/ecumenical-institute.org\/wp-content\/uploads\/2025\/05\/Pope-Francis3.jpg","datePublished":"2025-05-17T10:47:21+00:00","dateModified":"2025-05-17T10:47:24+00:00","breadcrumb":{"@id":"https:\/\/ecumenical-institute.org\/2025\/05\/17\/das-pontifikat-von-papst-franziskus-eine-bleibende-herausforderung-fuer-lutheraner-und-lutheranerinnen\/#breadcrumb"},"inLanguage":"en-GB","potentialAction":[{"@type":"ReadAction","target":["https:\/\/ecumenical-institute.org\/2025\/05\/17\/das-pontifikat-von-papst-franziskus-eine-bleibende-herausforderung-fuer-lutheraner-und-lutheranerinnen\/"]}]},{"@type":"ImageObject","inLanguage":"en-GB","@id":"https:\/\/ecumenical-institute.org\/2025\/05\/17\/das-pontifikat-von-papst-franziskus-eine-bleibende-herausforderung-fuer-lutheraner-und-lutheranerinnen\/#primaryimage","url":"https:\/\/ecumenical-institute.org\/wp-content\/uploads\/2025\/05\/Pope-Francis3.jpg","contentUrl":"https:\/\/ecumenical-institute.org\/wp-content\/uploads\/2025\/05\/Pope-Francis3.jpg"},{"@type":"BreadcrumbList","@id":"https:\/\/ecumenical-institute.org\/2025\/05\/17\/das-pontifikat-von-papst-franziskus-eine-bleibende-herausforderung-fuer-lutheraner-und-lutheranerinnen\/#breadcrumb","itemListElement":[{"@type":"ListItem","position":1,"name":"Home","item":"https:\/\/ecumenical-institute.org\/"},{"@type":"ListItem","position":2,"name":"Das Pontifikat von Papst Franziskus &#8211; eine bleibende Herausforderung f\u00fcr Lutheraner und Lutheranerinnen"}]},{"@type":"WebSite","@id":"https:\/\/ecumenical-institute.org\/#website","url":"https:\/\/ecumenical-institute.org\/","name":"Institute for Ecumenical","description":"Research in Strasbourg","publisher":{"@id":"https:\/\/ecumenical-institute.org\/#organization"},"potentialAction":[{"@type":"SearchAction","target":{"@type":"EntryPoint","urlTemplate":"https:\/\/ecumenical-institute.org\/?s={search_term_string}"},"query-input":{"@type":"PropertyValueSpecification","valueRequired":true,"valueName":"search_term_string"}}],"inLanguage":"en-GB"},{"@type":"Organization","@id":"https:\/\/ecumenical-institute.org\/#organization","name":"Institute for Ecumenical Research","url":"https:\/\/ecumenical-institute.org\/","logo":{"@type":"ImageObject","inLanguage":"en-GB","@id":"https:\/\/ecumenical-institute.org\/#\/schema\/logo\/image\/","url":"https:\/\/ecumenical-institute.org\/wp-content\/uploads\/2021\/08\/Logo_grau.png","contentUrl":"https:\/\/ecumenical-institute.org\/wp-content\/uploads\/2021\/08\/Logo_grau.png","width":300,"height":448,"caption":"Institut f\u00fcr \u00d6kumenische Forschung in Strasbourg"},"image":{"@id":"https:\/\/ecumenical-institute.org\/#\/schema\/logo\/image\/"}},{"@type":"Person","@id":"https:\/\/ecumenical-institute.org\/#\/schema\/person\/0b037a8edf4837093e192266edee63d9","name":"Elke Leypold","image":{"@type":"ImageObject","inLanguage":"en-GB","@id":"https:\/\/ecumenical-institute.org\/#\/schema\/person\/image\/","url":"https:\/\/secure.gravatar.com\/avatar\/4c675d0133630a89654647b8a81fc9ef?s=96&d=mm&r=g","contentUrl":"https:\/\/secure.gravatar.com\/avatar\/4c675d0133630a89654647b8a81fc9ef?s=96&d=mm&r=g","caption":"Elke Leypold"},"url":"https:\/\/ecumenical-institute.org\/en\/author\/stras-ecumwanadoo-fr\/"}]}},"uagb_featured_image_src":{"full":false,"thumbnail":false,"medium":false,"medium_large":false,"large":false,"1536x1536":false,"2048x2048":false,"trp-custom-language-flag":false},"uagb_author_info":{"display_name":"Elke Leypold","author_link":"https:\/\/ecumenical-institute.org\/en\/author\/stras-ecumwanadoo-fr\/"},"uagb_comment_info":0,"uagb_excerpt":"Tod und Bestattung von Papst Franziskus haben weltweit gr\u00f6\u00dfte Aufmerksamkeit gefunden. Papst Franziskus war eine un\u00fcberh\u00f6rbare, viel beachtete Stimme der Christenheit, au\u00dferordentlich reich an theologischen und geistlichen Einsichten; er hat Orientierung gegeben in einer von Selbstzerst\u00f6rung bedrohten Welt. Es ist auch f\u00fcr evangelische Christinnen und Christen inspirierend, sich n\u00e4her mit dem Denken und Wirken von&hellip;","_links":{"self":[{"href":"https:\/\/ecumenical-institute.org\/en\/wp-json\/wp\/v2\/posts\/8116","targetHints":{"allow":["GET"]}}],"collection":[{"href":"https:\/\/ecumenical-institute.org\/en\/wp-json\/wp\/v2\/posts"}],"about":[{"href":"https:\/\/ecumenical-institute.org\/en\/wp-json\/wp\/v2\/types\/post"}],"author":[{"embeddable":true,"href":"https:\/\/ecumenical-institute.org\/en\/wp-json\/wp\/v2\/users\/4"}],"replies":[{"embeddable":true,"href":"https:\/\/ecumenical-institute.org\/en\/wp-json\/wp\/v2\/comments?post=8116"}],"version-history":[{"count":5,"href":"https:\/\/ecumenical-institute.org\/en\/wp-json\/wp\/v2\/posts\/8116\/revisions"}],"predecessor-version":[{"id":8125,"href":"https:\/\/ecumenical-institute.org\/en\/wp-json\/wp\/v2\/posts\/8116\/revisions\/8125"}],"wp:attachment":[{"href":"https:\/\/ecumenical-institute.org\/en\/wp-json\/wp\/v2\/media?parent=8116"}],"wp:term":[{"taxonomy":"category","embeddable":true,"href":"https:\/\/ecumenical-institute.org\/en\/wp-json\/wp\/v2\/categories?post=8116"},{"taxonomy":"post_tag","embeddable":true,"href":"https:\/\/ecumenical-institute.org\/en\/wp-json\/wp\/v2\/tags?post=8116"}],"curies":[{"name":"wp","href":"https:\/\/api.w.org\/{rel}","templated":true}]}}