{"id":8154,"date":"2025-07-20T14:44:25","date_gmt":"2025-07-20T12:44:25","guid":{"rendered":"https:\/\/ecumenical-institute.org\/?p=8154"},"modified":"2025-07-20T15:21:27","modified_gmt":"2025-07-20T13:21:27","slug":"das-institut-feiert-sein-60-jaehriges-bestehen","status":"publish","type":"post","link":"https:\/\/ecumenical-institute.org\/en\/2025\/07\/20\/das-institut-feiert-sein-60-jaehriges-bestehen\/","title":{"rendered":"The Institute celebrates its 60th Anniversary"},"content":{"rendered":"<figure class=\"wp-block-image size-full\"><img loading=\"lazy\" decoding=\"async\" width=\"1000\" height=\"750\" src=\"https:\/\/ecumenical-institute.org\/wp-content\/uploads\/2025\/07\/Institute-celebration-60-years.jpg\" alt=\"\" class=\"wp-image-8161\" srcset=\"https:\/\/ecumenical-institute.org\/wp-content\/uploads\/2025\/07\/Institute-celebration-60-years.jpg 1000w, https:\/\/ecumenical-institute.org\/wp-content\/uploads\/2025\/07\/Institute-celebration-60-years-300x225.jpg 300w, https:\/\/ecumenical-institute.org\/wp-content\/uploads\/2025\/07\/Institute-celebration-60-years-768x576.jpg 768w, https:\/\/ecumenical-institute.org\/wp-content\/uploads\/2025\/07\/Institute-celebration-60-years-16x12.jpg 16w\" sizes=\"auto, (max-width: 1000px) 100vw, 1000px\" \/><\/figure>\n\n\n\n<p>As part of the meeting of the Board of Trustees, the Institute hosted a small celebration. Highlights included a greeting from the General Secretary of the Lutheran World Federation<a href=\"https:\/\/ecumenical-institute.org\/wp-content\/uploads\/2025\/07\/General-Secretary-Greetings-60-Years.pdf\">(General Secretary, Greetings 60 Years)<\/a>read out by Dirk Lange, our Acting Director, and a talk by Bishop Dr. Eero Huovinen from Finland (<a href=\"https:\/\/ecumenical-institute.org\/wp-content\/uploads\/2025\/07\/Center-of-expertise-for-Lutheran-ecumenism_Huovinen.pdf\">Huovinen, Center of expertise for Lutheran ecumenism<\/a>who was Chairman of the Board of Trustees for many years. In the context of this meeting, the statutes of an association were also signed, giving the Institute full legal capacity under French law (in its Alsace and Lorraine form).<\/p>\n\n\n\n<figure class=\"wp-block-image size-full\"><img loading=\"lazy\" decoding=\"async\" width=\"750\" height=\"1000\" src=\"https:\/\/ecumenical-institute.org\/wp-content\/uploads\/2025\/07\/Huovinen-2025-a.jpg\" alt=\"\" class=\"wp-image-8160\" srcset=\"https:\/\/ecumenical-institute.org\/wp-content\/uploads\/2025\/07\/Huovinen-2025-a.jpg 750w, https:\/\/ecumenical-institute.org\/wp-content\/uploads\/2025\/07\/Huovinen-2025-a-225x300.jpg 225w, https:\/\/ecumenical-institute.org\/wp-content\/uploads\/2025\/07\/Huovinen-2025-a-9x12.jpg 9w\" sizes=\"auto, (max-width: 750px) 100vw, 750px\" \/><\/figure>\n\n\n\n<p><\/p>\n\n\n\n<p>Video about the signing of the Constitution of the association  and the celebration:<\/p>\n\n\n\n<p><a href=\"https:\/\/drive.google.com\/file\/d\/12O7oaDVc3tMyDdMTlWC-rnhVrsIzWy1O\/view?usp=sharing\">Signature and Celebration<\/a><\/p>","protected":false},"excerpt":{"rendered":"<p>Im Rahmen der Kuratoriumssitzung lud das Institut zu einer kleinen Feierstunde ein. H\u00f6hepunkte waren ein von Dirk Lange, unserem Kommisarischen Direktor, verlesenes Gru\u00dfwort der Generalsekret\u00e4rin des Lutherischen Weltbundes (General Secretary, Greetings 60 Years) sowie ein Vortrag von Bischof Dr. Eero Huovinen aus Finnland (Huovinen, Center of expertise for Lutheran ecumenism), der lange Jahre Vorsitzender des [&hellip;]<\/p>\n","protected":false},"author":4,"featured_media":0,"comment_status":"closed","ping_status":"open","sticky":false,"template":"","format":"standard","meta":{"_uag_custom_page_level_css":"","site-sidebar-layout":"default","site-content-layout":"","ast-site-content-layout":"default","site-content-style":"default","site-sidebar-style":"default","ast-global-header-display":"","ast-banner-title-visibility":"","ast-main-header-display":"","ast-hfb-above-header-display":"","ast-hfb-below-header-display":"","ast-hfb-mobile-header-display":"","site-post-title":"","ast-breadcrumbs-content":"","ast-featured-img":"","footer-sml-layout":"","ast-disable-related-posts":"","theme-transparent-header-meta":"","adv-header-id-meta":"","stick-header-meta":"","header-above-stick-meta":"","header-main-stick-meta":"","header-below-stick-meta":"","astra-migrate-meta-layouts":"set","ast-page-background-enabled":"default","ast-page-background-meta":{"desktop":{"background-color":"","background-image":"","background-repeat":"repeat","background-position":"center center","background-size":"auto","background-attachment":"scroll","background-type":"","background-media":"","overlay-type":"","overlay-color":"","overlay-opacity":"","overlay-gradient":""},"tablet":{"background-color":"","background-image":"","background-repeat":"repeat","background-position":"center center","background-size":"auto","background-attachment":"scroll","background-type":"","background-media":"","overlay-type":"","overlay-color":"","overlay-opacity":"","overlay-gradient":""},"mobile":{"background-color":"","background-image":"","background-repeat":"repeat","background-position":"center center","background-size":"auto","background-attachment":"scroll","background-type":"","background-media":"","overlay-type":"","overlay-color":"","overlay-opacity":"","overlay-gradient":""}},"ast-content-background-meta":{"desktop":{"background-color":"var(--ast-global-color-5)","background-image":"","background-repeat":"repeat","background-position":"center center","background-size":"auto","background-attachment":"scroll","background-type":"","background-media":"","overlay-type":"","overlay-color":"","overlay-opacity":"","overlay-gradient":""},"tablet":{"background-color":"var(--ast-global-color-5)","background-image":"","background-repeat":"repeat","background-position":"center center","background-size":"auto","background-attachment":"scroll","background-type":"","background-media":"","overlay-type":"","overlay-color":"","overlay-opacity":"","overlay-gradient":""},"mobile":{"background-color":"var(--ast-global-color-5)","background-image":"","background-repeat":"repeat","background-position":"center center","background-size":"auto","background-attachment":"scroll","background-type":"","background-media":"","overlay-type":"","overlay-color":"","overlay-opacity":"","overlay-gradient":""}},"footnotes":""},"categories":[1],"tags":[],"class_list":["post-8154","post","type-post","status-publish","format-standard","hentry","category-allgemein"],"yoast_head":"<!-- This site is optimized with the Yoast SEO plugin v26.8 - https:\/\/yoast.com\/product\/yoast-seo-wordpress\/ -->\n<title>Das Institut feiert sein 60-j\u00e4hriges Bestehen - Institut f\u00fcr \u00d6kumenische<\/title>\n<meta name=\"robots\" content=\"index, follow, max-snippet:-1, max-image-preview:large, max-video-preview:-1\" \/>\n<link rel=\"canonical\" href=\"https:\/\/ecumenical-institute.org\/en\/2025\/07\/20\/das-institut-feiert-sein-60-jaehriges-bestehen\/\" \/>\n<meta property=\"og:locale\" content=\"en_GB\" \/>\n<meta property=\"og:type\" content=\"article\" \/>\n<meta property=\"og:title\" content=\"Das Institut feiert sein 60-j\u00e4hriges Bestehen - Institut f\u00fcr \u00d6kumenische\" \/>\n<meta property=\"og:description\" content=\"Im Rahmen der Kuratoriumssitzung lud das Institut zu einer kleinen Feierstunde ein. H\u00f6hepunkte waren ein von Dirk Lange, unserem Kommisarischen Direktor, verlesenes Gru\u00dfwort der Generalsekret\u00e4rin des Lutherischen Weltbundes (General Secretary, Greetings 60 Years) sowie ein Vortrag von Bischof Dr. Eero Huovinen aus Finnland (Huovinen, Center of expertise for Lutheran ecumenism), der lange Jahre Vorsitzender des [&hellip;]\" \/>\n<meta property=\"og:url\" content=\"https:\/\/ecumenical-institute.org\/en\/2025\/07\/20\/das-institut-feiert-sein-60-jaehriges-bestehen\/\" \/>\n<meta property=\"og:site_name\" content=\"Institut f\u00fcr \u00d6kumenische\" \/>\n<meta property=\"article:published_time\" content=\"2025-07-20T12:44:25+00:00\" \/>\n<meta property=\"article:modified_time\" content=\"2025-07-20T13:21:27+00:00\" \/>\n<meta property=\"og:image\" content=\"https:\/\/ecumenical-institute.org\/wp-content\/uploads\/2025\/07\/Institute-celebration-60-years.jpg\" \/>\n\t<meta property=\"og:image:width\" content=\"1000\" \/>\n\t<meta property=\"og:image:height\" content=\"750\" \/>\n\t<meta property=\"og:image:type\" content=\"image\/jpeg\" \/>\n<meta name=\"author\" content=\"Elke Leypold\" \/>\n<meta name=\"twitter:card\" content=\"summary_large_image\" \/>\n<meta name=\"twitter:label1\" content=\"Written by\" \/>\n\t<meta name=\"twitter:data1\" content=\"Elke Leypold\" \/>\n\t<meta name=\"twitter:label2\" content=\"Estimated reading time\" \/>\n\t<meta name=\"twitter:data2\" content=\"1 minute\" \/>\n<script type=\"application\/ld+json\" class=\"yoast-schema-graph\">{\"@context\":\"https:\/\/schema.org\",\"@graph\":[{\"@type\":\"Article\",\"@id\":\"https:\/\/ecumenical-institute.org\/2025\/07\/20\/das-institut-feiert-sein-60-jaehriges-bestehen\/#article\",\"isPartOf\":{\"@id\":\"https:\/\/ecumenical-institute.org\/2025\/07\/20\/das-institut-feiert-sein-60-jaehriges-bestehen\/\"},\"author\":{\"name\":\"Elke Leypold\",\"@id\":\"https:\/\/ecumenical-institute.org\/#\/schema\/person\/0b037a8edf4837093e192266edee63d9\"},\"headline\":\"Das Institut feiert sein 60-j\u00e4hriges Bestehen\",\"datePublished\":\"2025-07-20T12:44:25+00:00\",\"dateModified\":\"2025-07-20T13:21:27+00:00\",\"mainEntityOfPage\":{\"@id\":\"https:\/\/ecumenical-institute.org\/2025\/07\/20\/das-institut-feiert-sein-60-jaehriges-bestehen\/\"},\"wordCount\":114,\"publisher\":{\"@id\":\"https:\/\/ecumenical-institute.org\/#organization\"},\"image\":{\"@id\":\"https:\/\/ecumenical-institute.org\/2025\/07\/20\/das-institut-feiert-sein-60-jaehriges-bestehen\/#primaryimage\"},\"thumbnailUrl\":\"https:\/\/ecumenical-institute.org\/wp-content\/uploads\/2025\/07\/Institute-celebration-60-years.jpg\",\"articleSection\":[\"Allgemein\"],\"inLanguage\":\"en-GB\"},{\"@type\":\"WebPage\",\"@id\":\"https:\/\/ecumenical-institute.org\/2025\/07\/20\/das-institut-feiert-sein-60-jaehriges-bestehen\/\",\"url\":\"https:\/\/ecumenical-institute.org\/2025\/07\/20\/das-institut-feiert-sein-60-jaehriges-bestehen\/\",\"name\":\"Das Institut feiert sein 60-j\u00e4hriges Bestehen - Institut f\u00fcr \u00d6kumenische\",\"isPartOf\":{\"@id\":\"https:\/\/ecumenical-institute.org\/#website\"},\"primaryImageOfPage\":{\"@id\":\"https:\/\/ecumenical-institute.org\/2025\/07\/20\/das-institut-feiert-sein-60-jaehriges-bestehen\/#primaryimage\"},\"image\":{\"@id\":\"https:\/\/ecumenical-institute.org\/2025\/07\/20\/das-institut-feiert-sein-60-jaehriges-bestehen\/#primaryimage\"},\"thumbnailUrl\":\"https:\/\/ecumenical-institute.org\/wp-content\/uploads\/2025\/07\/Institute-celebration-60-years.jpg\",\"datePublished\":\"2025-07-20T12:44:25+00:00\",\"dateModified\":\"2025-07-20T13:21:27+00:00\",\"breadcrumb\":{\"@id\":\"https:\/\/ecumenical-institute.org\/2025\/07\/20\/das-institut-feiert-sein-60-jaehriges-bestehen\/#breadcrumb\"},\"inLanguage\":\"en-GB\",\"potentialAction\":[{\"@type\":\"ReadAction\",\"target\":[\"https:\/\/ecumenical-institute.org\/2025\/07\/20\/das-institut-feiert-sein-60-jaehriges-bestehen\/\"]}]},{\"@type\":\"ImageObject\",\"inLanguage\":\"en-GB\",\"@id\":\"https:\/\/ecumenical-institute.org\/2025\/07\/20\/das-institut-feiert-sein-60-jaehriges-bestehen\/#primaryimage\",\"url\":\"https:\/\/ecumenical-institute.org\/wp-content\/uploads\/2025\/07\/Institute-celebration-60-years.jpg\",\"contentUrl\":\"https:\/\/ecumenical-institute.org\/wp-content\/uploads\/2025\/07\/Institute-celebration-60-years.jpg\"},{\"@type\":\"BreadcrumbList\",\"@id\":\"https:\/\/ecumenical-institute.org\/2025\/07\/20\/das-institut-feiert-sein-60-jaehriges-bestehen\/#breadcrumb\",\"itemListElement\":[{\"@type\":\"ListItem\",\"position\":1,\"name\":\"Home\",\"item\":\"https:\/\/ecumenical-institute.org\/\"},{\"@type\":\"ListItem\",\"position\":2,\"name\":\"Das Institut feiert sein 60-j\u00e4hriges Bestehen\"}]},{\"@type\":\"WebSite\",\"@id\":\"https:\/\/ecumenical-institute.org\/#website\",\"url\":\"https:\/\/ecumenical-institute.org\/\",\"name\":\"Institut f\u00fcr \u00d6kumenische\",\"description\":\" Forschung in Strasbourg\",\"publisher\":{\"@id\":\"https:\/\/ecumenical-institute.org\/#organization\"},\"potentialAction\":[{\"@type\":\"SearchAction\",\"target\":{\"@type\":\"EntryPoint\",\"urlTemplate\":\"https:\/\/ecumenical-institute.org\/?s={search_term_string}\"},\"query-input\":{\"@type\":\"PropertyValueSpecification\",\"valueRequired\":true,\"valueName\":\"search_term_string\"}}],\"inLanguage\":\"en-GB\"},{\"@type\":\"Organization\",\"@id\":\"https:\/\/ecumenical-institute.org\/#organization\",\"name\":\"Institut f\u00fcr \u00d6kumenische Forschung in Strasbourg\",\"url\":\"https:\/\/ecumenical-institute.org\/\",\"logo\":{\"@type\":\"ImageObject\",\"inLanguage\":\"en-GB\",\"@id\":\"https:\/\/ecumenical-institute.org\/#\/schema\/logo\/image\/\",\"url\":\"https:\/\/ecumenical-institute.org\/wp-content\/uploads\/2021\/08\/Logo_grau.png\",\"contentUrl\":\"https:\/\/ecumenical-institute.org\/wp-content\/uploads\/2021\/08\/Logo_grau.png\",\"width\":300,\"height\":448,\"caption\":\"Institut f\u00fcr \u00d6kumenische Forschung in Strasbourg\"},\"image\":{\"@id\":\"https:\/\/ecumenical-institute.org\/#\/schema\/logo\/image\/\"}},{\"@type\":\"Person\",\"@id\":\"https:\/\/ecumenical-institute.org\/#\/schema\/person\/0b037a8edf4837093e192266edee63d9\",\"name\":\"Elke Leypold\",\"image\":{\"@type\":\"ImageObject\",\"inLanguage\":\"en-GB\",\"@id\":\"https:\/\/ecumenical-institute.org\/#\/schema\/person\/image\/\",\"url\":\"https:\/\/secure.gravatar.com\/avatar\/4c675d0133630a89654647b8a81fc9ef?s=96&d=mm&r=g\",\"contentUrl\":\"https:\/\/secure.gravatar.com\/avatar\/4c675d0133630a89654647b8a81fc9ef?s=96&d=mm&r=g\",\"caption\":\"Elke Leypold\"},\"url\":\"https:\/\/ecumenical-institute.org\/en\/author\/stras-ecumwanadoo-fr\/\"}]}<\/script>\n<!-- \/ Yoast SEO plugin. -->","yoast_head_json":{"title":"Das Institut feiert sein 60-j\u00e4hriges Bestehen - Institut f\u00fcr \u00d6kumenische","robots":{"index":"index","follow":"follow","max-snippet":"max-snippet:-1","max-image-preview":"max-image-preview:large","max-video-preview":"max-video-preview:-1"},"canonical":"https:\/\/ecumenical-institute.org\/en\/2025\/07\/20\/das-institut-feiert-sein-60-jaehriges-bestehen\/","og_locale":"en_GB","og_type":"article","og_title":"Das Institut feiert sein 60-j\u00e4hriges Bestehen - Institut f\u00fcr \u00d6kumenische","og_description":"Im Rahmen der Kuratoriumssitzung lud das Institut zu einer kleinen Feierstunde ein. H\u00f6hepunkte waren ein von Dirk Lange, unserem Kommisarischen Direktor, verlesenes Gru\u00dfwort der Generalsekret\u00e4rin des Lutherischen Weltbundes (General Secretary, Greetings 60 Years) sowie ein Vortrag von Bischof Dr. Eero Huovinen aus Finnland (Huovinen, Center of expertise for Lutheran ecumenism), der lange Jahre Vorsitzender des [&hellip;]","og_url":"https:\/\/ecumenical-institute.org\/en\/2025\/07\/20\/das-institut-feiert-sein-60-jaehriges-bestehen\/","og_site_name":"Institut f\u00fcr \u00d6kumenische","article_published_time":"2025-07-20T12:44:25+00:00","article_modified_time":"2025-07-20T13:21:27+00:00","og_image":[{"width":1000,"height":750,"url":"https:\/\/ecumenical-institute.org\/wp-content\/uploads\/2025\/07\/Institute-celebration-60-years.jpg","type":"image\/jpeg"}],"author":"Elke Leypold","twitter_card":"summary_large_image","twitter_misc":{"Written by":"Elke Leypold","Estimated reading time":"1 minute"},"schema":{"@context":"https:\/\/schema.org","@graph":[{"@type":"Article","@id":"https:\/\/ecumenical-institute.org\/2025\/07\/20\/das-institut-feiert-sein-60-jaehriges-bestehen\/#article","isPartOf":{"@id":"https:\/\/ecumenical-institute.org\/2025\/07\/20\/das-institut-feiert-sein-60-jaehriges-bestehen\/"},"author":{"name":"Elke Leypold","@id":"https:\/\/ecumenical-institute.org\/#\/schema\/person\/0b037a8edf4837093e192266edee63d9"},"headline":"Das Institut feiert sein 60-j\u00e4hriges Bestehen","datePublished":"2025-07-20T12:44:25+00:00","dateModified":"2025-07-20T13:21:27+00:00","mainEntityOfPage":{"@id":"https:\/\/ecumenical-institute.org\/2025\/07\/20\/das-institut-feiert-sein-60-jaehriges-bestehen\/"},"wordCount":114,"publisher":{"@id":"https:\/\/ecumenical-institute.org\/#organization"},"image":{"@id":"https:\/\/ecumenical-institute.org\/2025\/07\/20\/das-institut-feiert-sein-60-jaehriges-bestehen\/#primaryimage"},"thumbnailUrl":"https:\/\/ecumenical-institute.org\/wp-content\/uploads\/2025\/07\/Institute-celebration-60-years.jpg","articleSection":["Allgemein"],"inLanguage":"en-GB"},{"@type":"WebPage","@id":"https:\/\/ecumenical-institute.org\/2025\/07\/20\/das-institut-feiert-sein-60-jaehriges-bestehen\/","url":"https:\/\/ecumenical-institute.org\/2025\/07\/20\/das-institut-feiert-sein-60-jaehriges-bestehen\/","name":"Das Institut feiert sein 60-j\u00e4hriges Bestehen - Institut f\u00fcr \u00d6kumenische","isPartOf":{"@id":"https:\/\/ecumenical-institute.org\/#website"},"primaryImageOfPage":{"@id":"https:\/\/ecumenical-institute.org\/2025\/07\/20\/das-institut-feiert-sein-60-jaehriges-bestehen\/#primaryimage"},"image":{"@id":"https:\/\/ecumenical-institute.org\/2025\/07\/20\/das-institut-feiert-sein-60-jaehriges-bestehen\/#primaryimage"},"thumbnailUrl":"https:\/\/ecumenical-institute.org\/wp-content\/uploads\/2025\/07\/Institute-celebration-60-years.jpg","datePublished":"2025-07-20T12:44:25+00:00","dateModified":"2025-07-20T13:21:27+00:00","breadcrumb":{"@id":"https:\/\/ecumenical-institute.org\/2025\/07\/20\/das-institut-feiert-sein-60-jaehriges-bestehen\/#breadcrumb"},"inLanguage":"en-GB","potentialAction":[{"@type":"ReadAction","target":["https:\/\/ecumenical-institute.org\/2025\/07\/20\/das-institut-feiert-sein-60-jaehriges-bestehen\/"]}]},{"@type":"ImageObject","inLanguage":"en-GB","@id":"https:\/\/ecumenical-institute.org\/2025\/07\/20\/das-institut-feiert-sein-60-jaehriges-bestehen\/#primaryimage","url":"https:\/\/ecumenical-institute.org\/wp-content\/uploads\/2025\/07\/Institute-celebration-60-years.jpg","contentUrl":"https:\/\/ecumenical-institute.org\/wp-content\/uploads\/2025\/07\/Institute-celebration-60-years.jpg"},{"@type":"BreadcrumbList","@id":"https:\/\/ecumenical-institute.org\/2025\/07\/20\/das-institut-feiert-sein-60-jaehriges-bestehen\/#breadcrumb","itemListElement":[{"@type":"ListItem","position":1,"name":"Home","item":"https:\/\/ecumenical-institute.org\/"},{"@type":"ListItem","position":2,"name":"Das Institut feiert sein 60-j\u00e4hriges Bestehen"}]},{"@type":"WebSite","@id":"https:\/\/ecumenical-institute.org\/#website","url":"https:\/\/ecumenical-institute.org\/","name":"Institute for Ecumenical","description":"Research in Strasbourg","publisher":{"@id":"https:\/\/ecumenical-institute.org\/#organization"},"potentialAction":[{"@type":"SearchAction","target":{"@type":"EntryPoint","urlTemplate":"https:\/\/ecumenical-institute.org\/?s={search_term_string}"},"query-input":{"@type":"PropertyValueSpecification","valueRequired":true,"valueName":"search_term_string"}}],"inLanguage":"en-GB"},{"@type":"Organization","@id":"https:\/\/ecumenical-institute.org\/#organization","name":"Institute for Ecumenical Research","url":"https:\/\/ecumenical-institute.org\/","logo":{"@type":"ImageObject","inLanguage":"en-GB","@id":"https:\/\/ecumenical-institute.org\/#\/schema\/logo\/image\/","url":"https:\/\/ecumenical-institute.org\/wp-content\/uploads\/2021\/08\/Logo_grau.png","contentUrl":"https:\/\/ecumenical-institute.org\/wp-content\/uploads\/2021\/08\/Logo_grau.png","width":300,"height":448,"caption":"Institut f\u00fcr \u00d6kumenische Forschung in Strasbourg"},"image":{"@id":"https:\/\/ecumenical-institute.org\/#\/schema\/logo\/image\/"}},{"@type":"Person","@id":"https:\/\/ecumenical-institute.org\/#\/schema\/person\/0b037a8edf4837093e192266edee63d9","name":"Elke Leypold","image":{"@type":"ImageObject","inLanguage":"en-GB","@id":"https:\/\/ecumenical-institute.org\/#\/schema\/person\/image\/","url":"https:\/\/secure.gravatar.com\/avatar\/4c675d0133630a89654647b8a81fc9ef?s=96&d=mm&r=g","contentUrl":"https:\/\/secure.gravatar.com\/avatar\/4c675d0133630a89654647b8a81fc9ef?s=96&d=mm&r=g","caption":"Elke Leypold"},"url":"https:\/\/ecumenical-institute.org\/en\/author\/stras-ecumwanadoo-fr\/"}]}},"uagb_featured_image_src":{"full":false,"thumbnail":false,"medium":false,"medium_large":false,"large":false,"1536x1536":false,"2048x2048":false,"trp-custom-language-flag":false},"uagb_author_info":{"display_name":"Elke Leypold","author_link":"https:\/\/ecumenical-institute.org\/en\/author\/stras-ecumwanadoo-fr\/"},"uagb_comment_info":0,"uagb_excerpt":"Im Rahmen der Kuratoriumssitzung lud das Institut zu einer kleinen Feierstunde ein. H\u00f6hepunkte waren ein von Dirk Lange, unserem Kommisarischen Direktor, verlesenes Gru\u00dfwort der Generalsekret\u00e4rin des Lutherischen Weltbundes (General Secretary, Greetings 60 Years) sowie ein Vortrag von Bischof Dr. Eero Huovinen aus Finnland (Huovinen, Center of expertise for Lutheran ecumenism), der lange Jahre Vorsitzender des&hellip;","_links":{"self":[{"href":"https:\/\/ecumenical-institute.org\/en\/wp-json\/wp\/v2\/posts\/8154","targetHints":{"allow":["GET"]}}],"collection":[{"href":"https:\/\/ecumenical-institute.org\/en\/wp-json\/wp\/v2\/posts"}],"about":[{"href":"https:\/\/ecumenical-institute.org\/en\/wp-json\/wp\/v2\/types\/post"}],"author":[{"embeddable":true,"href":"https:\/\/ecumenical-institute.org\/en\/wp-json\/wp\/v2\/users\/4"}],"replies":[{"embeddable":true,"href":"https:\/\/ecumenical-institute.org\/en\/wp-json\/wp\/v2\/comments?post=8154"}],"version-history":[{"count":12,"href":"https:\/\/ecumenical-institute.org\/en\/wp-json\/wp\/v2\/posts\/8154\/revisions"}],"predecessor-version":[{"id":8173,"href":"https:\/\/ecumenical-institute.org\/en\/wp-json\/wp\/v2\/posts\/8154\/revisions\/8173"}],"wp:attachment":[{"href":"https:\/\/ecumenical-institute.org\/en\/wp-json\/wp\/v2\/media?parent=8154"}],"wp:term":[{"taxonomy":"category","embeddable":true,"href":"https:\/\/ecumenical-institute.org\/en\/wp-json\/wp\/v2\/categories?post=8154"},{"taxonomy":"post_tag","embeddable":true,"href":"https:\/\/ecumenical-institute.org\/en\/wp-json\/wp\/v2\/tags?post=8154"}],"curies":[{"name":"wp","href":"https:\/\/api.w.org\/{rel}","templated":true}]}}